{"id":5602,"date":"2025-06-28T08:11:35","date_gmt":"2025-06-28T06:11:35","guid":{"rendered":"https:\/\/www.frelimo.org.mz\/?p=5602"},"modified":"2025-06-28T08:11:37","modified_gmt":"2025-06-28T06:11:37","slug":"jubileu-da-independencia-presidente-daniel-chapo-reforca-lacos-com-partidos-irmaos","status":"publish","type":"post","link":"https:\/\/www.frelimo.org.mz\/?p=5602","title":{"rendered":"JUBILEU DA INDEPEND\u00caNCIA: PRESIDENTE DANIEL CHAPO REFOR\u00c7A LA\u00c7OS COM PARTIDOS IRM\u00c3OS"},"content":{"rendered":"\n<p><\/p>\n\n\n\n<p>No \u00e2mbito do Jubileu de Ouro da Independ\u00eancia Nacional, o Presidente da FRELIMO e da Rep\u00fablica de Mo\u00e7ambique, Daniel Francisco Chapo, recebeu, esta sexta-feira, na Sede Nacional do Partido, delega\u00e7\u00f5es de alto n\u00edvel de S\u00e3o Tom\u00e9 e Pr\u00edncipe e da Guin\u00e9-Bissau, num gesto que refor\u00e7a a irmandade e solidariedade entre partidos e povos irm\u00e3os.<\/p>\n\n\n\n<p>Na ocasi\u00e3o, o Presidente da FRELIMO agradeceu a presen\u00e7a das delega\u00e7\u00f5es nas celebra\u00e7\u00f5es dos 50 anos da Independ\u00eancia, reiterando os la\u00e7os hist\u00f3ricos de amizade, coopera\u00e7\u00e3o e solidariedade pan-africanista que unem os nossos pa\u00edses.<\/p>\n\n\n\n<p>Am\u00e9rico Barros, Presidente do MLSTP de S\u00e3o Tom\u00e9, destacou a profundidade da irmandade e a refer\u00eancia que Mo\u00e7ambique representa no continente.<\/p>\n\n\n\n<p>Ant\u00f3nio Barbosa da Silva, Secret\u00e1rio-Geral do PAIGC da Guin\u00e9-Bissau, refor\u00e7ou o compromisso com a parceria estrat\u00e9gica e o interc\u00e2mbio de experi\u00eancias com Mo\u00e7ambique.<\/p>\n\n\n\n<p>As delega\u00e7\u00f5es participaram na cerim\u00f3nia central no rec\u00e9m-nomeado Est\u00e1dio da Independ\u00eancia Nacional (antigo Est\u00e1dio da Machava), local hist\u00f3rico onde Samora Machel proclamou a independ\u00eancia em 25 de Junho de 1975.<\/p>\n\n\n\n<p>A cerim\u00f3nia, presidida por Daniel Chapo, contou com a presen\u00e7a de v\u00e1rios Chefes de Estado e dignit\u00e1rios internacionais, simbolizando o prest\u00edgio de Mo\u00e7ambique no cen\u00e1rio global.<\/p>\n","protected":false},"excerpt":{"rendered":"<p>No \u00e2mbito do Jubileu de Ouro da Independ\u00eancia Nacional, o Presidente da FRELIMO e da Rep\u00fablica de Mo\u00e7ambique, Daniel Francisco Chapo, recebeu, esta sexta-feira, na Sede Nacional do Partido, delega\u00e7\u00f5es de alto n\u00edvel de S\u00e3o Tom\u00e9 e Pr\u00edncipe e da Guin\u00e9-Bissau, num gesto que refor\u00e7a a irmandade e solidariedade entre partidos e povos irm\u00e3os. Na &hellip;<\/p>\n","protected":false},"author":2,"featured_media":5603,"comment_status":"closed","ping_status":"open","sticky":false,"template":"","format":"standard","meta":{"_jetpack_memberships_contains_paid_content":false,"footnotes":""},"categories":[7],"tags":[],"class_list":["post-5602","post","type-post","status-publish","format-standard","has-post-thumbnail","hentry","category-destaques"],"jetpack_featured_media_url":"https:\/\/www.frelimo.org.mz\/wp-content\/uploads\/2025\/06\/FB_IMG_1751091005048.jpg","jetpack_sharing_enabled":true,"_links":{"self":[{"href":"https:\/\/www.frelimo.org.mz\/index.php?rest_route=\/wp\/v2\/posts\/5602","targetHints":{"allow":["GET"]}}],"collection":[{"href":"https:\/\/www.frelimo.org.mz\/index.php?rest_route=\/wp\/v2\/posts"}],"about":[{"href":"https:\/\/www.frelimo.org.mz\/index.php?rest_route=\/wp\/v2\/types\/post"}],"author":[{"embeddable":true,"href":"https:\/\/www.frelimo.org.mz\/index.php?rest_route=\/wp\/v2\/users\/2"}],"replies":[{"embeddable":true,"href":"https:\/\/www.frelimo.org.mz\/index.php?rest_route=%2Fwp%2Fv2%2Fcomments&post=5602"}],"version-history":[{"count":1,"href":"https:\/\/www.frelimo.org.mz\/index.php?rest_route=\/wp\/v2\/posts\/5602\/revisions"}],"predecessor-version":[{"id":5604,"href":"https:\/\/www.frelimo.org.mz\/index.php?rest_route=\/wp\/v2\/posts\/5602\/revisions\/5604"}],"wp:featuredmedia":[{"embeddable":true,"href":"https:\/\/www.frelimo.org.mz\/index.php?rest_route=\/wp\/v2\/media\/5603"}],"wp:attachment":[{"href":"https:\/\/www.frelimo.org.mz\/index.php?rest_route=%2Fwp%2Fv2%2Fmedia&parent=5602"}],"wp:term":[{"taxonomy":"category","embeddable":true,"href":"https:\/\/www.frelimo.org.mz\/index.php?rest_route=%2Fwp%2Fv2%2Fcategories&post=5602"},{"taxonomy":"post_tag","embeddable":true,"href":"https:\/\/www.frelimo.org.mz\/index.php?rest_route=%2Fwp%2Fv2%2Ftags&post=5602"}],"curies":[{"name":"wp","href":"https:\/\/api.w.org\/{rel}","templated":true}]}}