{"id":5599,"date":"2025-06-27T02:49:54","date_gmt":"2025-06-27T00:49:54","guid":{"rendered":"https:\/\/www.frelimo.org.mz\/?p=5599"},"modified":"2025-06-27T02:51:18","modified_gmt":"2025-06-27T00:51:18","slug":"compromisso-com-o-desporto-nacional","status":"publish","type":"post","link":"https:\/\/www.frelimo.org.mz\/?p=5599","title":{"rendered":"COMPROMISSO COM O DESPORTO NACIONAL"},"content":{"rendered":"\n<p>COMPROMISSO COM O DESPORTO NACIONAL<\/p>\n\n\n\n<p>A Primeira-Dama da Rep\u00fablica, Gueta Selemane Chapo, procedeu nesta Quinta-feira (26), \u00e0 entrega oficial de 14 milh\u00f5es de Meticais \u00e0 Federa\u00e7\u00e3o Mo\u00e7ambicana de Basquetebol.<\/p>\n\n\n\n<p>Este apoio financeiro visa garantir a participa\u00e7\u00e3o da Sele\u00e7\u00e3o Nacional Feminina na 29\u00aa edi\u00e7\u00e3o do Afrobasquete, que ter\u00e1 lugar em Abidjan, Costa do Marfim ainda este ano.<\/p>\n\n\n\n<p>Este gesto \u00e9 resultado da solidariedade de parceiros e pessoas de boa f\u00e9 que, lado a lado com o Gabinete da Primeira-Dama, apoiam iniciativas que promovem o talento, o desporto e o orgulho nacional.<\/p>\n\n\n\n<p>Que as guerreiras saibam que n\u00e3o est\u00e3o sozinhas. Mo\u00e7ambique est\u00e1 com voc\u00eas!<\/p>\n","protected":false},"excerpt":{"rendered":"<p>COMPROMISSO COM O DESPORTO NACIONAL A Primeira-Dama da Rep\u00fablica, Gueta Selemane Chapo, procedeu nesta Quinta-feira (26), \u00e0 entrega oficial de 14 milh\u00f5es de Meticais \u00e0 Federa\u00e7\u00e3o Mo\u00e7ambicana de Basquetebol. Este apoio financeiro visa garantir a participa\u00e7\u00e3o da Sele\u00e7\u00e3o Nacional Feminina na 29\u00aa edi\u00e7\u00e3o do Afrobasquete, que ter\u00e1 lugar em Abidjan, Costa do Marfim ainda este &hellip;<\/p>\n","protected":false},"author":2,"featured_media":5600,"comment_status":"closed","ping_status":"open","sticky":false,"template":"","format":"standard","meta":{"_jetpack_memberships_contains_paid_content":false,"footnotes":""},"categories":[5,4],"tags":[],"class_list":["post-5599","post","type-post","status-publish","format-standard","has-post-thumbnail","hentry","category-noticias","category-outras"],"jetpack_featured_media_url":"https:\/\/www.frelimo.org.mz\/wp-content\/uploads\/2025\/06\/FB_IMG_1750985020073.jpg","jetpack_sharing_enabled":true,"_links":{"self":[{"href":"https:\/\/www.frelimo.org.mz\/index.php?rest_route=\/wp\/v2\/posts\/5599","targetHints":{"allow":["GET"]}}],"collection":[{"href":"https:\/\/www.frelimo.org.mz\/index.php?rest_route=\/wp\/v2\/posts"}],"about":[{"href":"https:\/\/www.frelimo.org.mz\/index.php?rest_route=\/wp\/v2\/types\/post"}],"author":[{"embeddable":true,"href":"https:\/\/www.frelimo.org.mz\/index.php?rest_route=\/wp\/v2\/users\/2"}],"replies":[{"embeddable":true,"href":"https:\/\/www.frelimo.org.mz\/index.php?rest_route=%2Fwp%2Fv2%2Fcomments&post=5599"}],"version-history":[{"count":0,"href":"https:\/\/www.frelimo.org.mz\/index.php?rest_route=\/wp\/v2\/posts\/5599\/revisions"}],"wp:featuredmedia":[{"embeddable":true,"href":"https:\/\/www.frelimo.org.mz\/index.php?rest_route=\/wp\/v2\/media\/5600"}],"wp:attachment":[{"href":"https:\/\/www.frelimo.org.mz\/index.php?rest_route=%2Fwp%2Fv2%2Fmedia&parent=5599"}],"wp:term":[{"taxonomy":"category","embeddable":true,"href":"https:\/\/www.frelimo.org.mz\/index.php?rest_route=%2Fwp%2Fv2%2Fcategories&post=5599"},{"taxonomy":"post_tag","embeddable":true,"href":"https:\/\/www.frelimo.org.mz\/index.php?rest_route=%2Fwp%2Fv2%2Ftags&post=5599"}],"curies":[{"name":"wp","href":"https:\/\/api.w.org\/{rel}","templated":true}]}}