{"id":5580,"date":"2025-06-24T09:19:41","date_gmt":"2025-06-24T07:19:41","guid":{"rendered":"https:\/\/www.frelimo.org.mz\/?p=5580"},"modified":"2025-06-25T09:21:06","modified_gmt":"2025-06-25T07:21:06","slug":"celebracoes-dos-50-anos-da-independencia-sg-da-frelimo-recebe-delegacoes-de-partidos-amigos","status":"publish","type":"post","link":"https:\/\/www.frelimo.org.mz\/?p=5580","title":{"rendered":"CELEBRA\u00c7\u00d5ES DOS 50 ANOS DA INDEPEND\u00caNCIA: SG DA FRELIMO RECEBE DELEGA\u00c7\u00d5ES DE PARTIDOS AMIGOS"},"content":{"rendered":"\n<p><\/p>\n\n\n\n<p>V\u00e1rios Partidos amigos da FRELIMO responderam positivamente ao convite formulado para participarem do jubileu dos 50 anos da Independ\u00eancia Nacional, que se assinala esta Quarta-feira, 25 de Junho, e enviaram as suas respectivas delega\u00e7\u00f5es, algumas das quais j\u00e1 se encontram no pa\u00eds, \u00e1vidas por testemunhar as celebra\u00e7\u00f5es da festa do povo mo\u00e7ambicano.<\/p>\n\n\n\n<p>Com efeito, o Secret\u00e1rio-Geral da FRELIMO, Chakil Aboobacar, recebeu em audi\u00eancia, algumas destas delega\u00e7\u00f5es, em ocasi\u00f5es que serviram para as mesmas agradecerem pelo \u201chonroso\u201d convite, bem como manifestar o a sua total disponibilidade em continuar a trabalhar no refor\u00e7o das hist\u00f3ricas e excelentes rela\u00e7\u00f5es que mant\u00eam com a FRELIMO.<\/p>\n\n\n\n<p>Entre as delega\u00e7\u00f5es j\u00e1 no pa\u00eds, destacam-se as do Chama Cha Mapinduzi (CCM), da Tanz\u00e2nia; do Partido Comunista do Vietname (PCV); do Movimento de Liberta\u00e7\u00e3o de S\u00e3o Tom\u00e9 e Pr\u00edncipe \u2013 Partido Social Democrata (MLSTP-PSD); do Partido da Independ\u00eancia Nacional Unida (UNIP), da Z\u00e2mbia; do Partido Comunista Portugu\u00eas (PCP); do Partido Comunista Sul-Africano (SACP) e do Movimento Popular de Liberta\u00e7\u00e3o de Angola (MPLA).<\/p>\n\n\n\n<p>Na reuni\u00e3o que manteve esta Ter\u00e7a-feira com representantes de algumas destas forma\u00e7\u00f5es pol\u00edticas, Chakil Aboobacar destacou a import\u00e2ncia da iniciativa do Presidente Daniel Chapo, de fazer percorrer todo o territ\u00f3rio nacional com a Chama da Unidade Nacional, reafirmando o compromisso de todos os mo\u00e7ambicanos com a pacifica\u00e7\u00e3o do pa\u00eds.<\/p>\n\n\n\n<p>\u201cEste percurso da chama reafirmou que, de facto, o povo mo\u00e7ambicano est\u00e1 unido, est\u00e1 dispon\u00edvel para trabalhar em prol do desenvolvimento do nosso pa\u00eds, transformando a nossa riqueza em benef\u00edcio das comunidades\u201d \u2013 considerou.<\/p>\n\n\n\n<p>O Secret\u00e1rio-Geral da FRELIMO refor\u00e7ou ser fundamental que os partidos amigos caminhem juntos, inspirados no legado que resultou na conquista das independ\u00eancias de cada um dos pa\u00edses, de modo a fazer face aos desafios do presente e construir pontes s\u00f3lidas para a conquista da soberania econ\u00f3mica.<\/p>\n","protected":false},"excerpt":{"rendered":"<p>V\u00e1rios Partidos amigos da FRELIMO responderam positivamente ao convite formulado para participarem do jubileu dos 50 anos da Independ\u00eancia Nacional, que se assinala esta Quarta-feira, 25 de Junho, e enviaram as suas respectivas delega\u00e7\u00f5es, algumas das quais j\u00e1 se encontram no pa\u00eds, \u00e1vidas por testemunhar as celebra\u00e7\u00f5es da festa do povo mo\u00e7ambicano. Com efeito, o &hellip;<\/p>\n","protected":false},"author":2,"featured_media":5581,"comment_status":"closed","ping_status":"open","sticky":false,"template":"","format":"standard","meta":{"_jetpack_memberships_contains_paid_content":false,"footnotes":""},"categories":[7],"tags":[],"class_list":["post-5580","post","type-post","status-publish","format-standard","has-post-thumbnail","hentry","category-destaques"],"jetpack_featured_media_url":"https:\/\/www.frelimo.org.mz\/wp-content\/uploads\/2025\/06\/FB_IMG_1750835951446.jpg","jetpack_sharing_enabled":true,"_links":{"self":[{"href":"https:\/\/www.frelimo.org.mz\/index.php?rest_route=\/wp\/v2\/posts\/5580","targetHints":{"allow":["GET"]}}],"collection":[{"href":"https:\/\/www.frelimo.org.mz\/index.php?rest_route=\/wp\/v2\/posts"}],"about":[{"href":"https:\/\/www.frelimo.org.mz\/index.php?rest_route=\/wp\/v2\/types\/post"}],"author":[{"embeddable":true,"href":"https:\/\/www.frelimo.org.mz\/index.php?rest_route=\/wp\/v2\/users\/2"}],"replies":[{"embeddable":true,"href":"https:\/\/www.frelimo.org.mz\/index.php?rest_route=%2Fwp%2Fv2%2Fcomments&post=5580"}],"version-history":[{"count":0,"href":"https:\/\/www.frelimo.org.mz\/index.php?rest_route=\/wp\/v2\/posts\/5580\/revisions"}],"wp:featuredmedia":[{"embeddable":true,"href":"https:\/\/www.frelimo.org.mz\/index.php?rest_route=\/wp\/v2\/media\/5581"}],"wp:attachment":[{"href":"https:\/\/www.frelimo.org.mz\/index.php?rest_route=%2Fwp%2Fv2%2Fmedia&parent=5580"}],"wp:term":[{"taxonomy":"category","embeddable":true,"href":"https:\/\/www.frelimo.org.mz\/index.php?rest_route=%2Fwp%2Fv2%2Fcategories&post=5580"},{"taxonomy":"post_tag","embeddable":true,"href":"https:\/\/www.frelimo.org.mz\/index.php?rest_route=%2Fwp%2Fv2%2Ftags&post=5580"}],"curies":[{"name":"wp","href":"https:\/\/api.w.org\/{rel}","templated":true}]}}