{"id":5565,"date":"2025-06-18T14:31:08","date_gmt":"2025-06-18T12:31:08","guid":{"rendered":"https:\/\/www.frelimo.org.mz\/?p=5565"},"modified":"2025-06-18T14:31:13","modified_gmt":"2025-06-18T12:31:13","slug":"frelimo-assume-ocs-como-parceiro-estrategico-na-agenda-de-governacao","status":"publish","type":"post","link":"https:\/\/www.frelimo.org.mz\/?p=5565","title":{"rendered":"FRELIMO ASSUME OCS COMO PARCEIRO ESTRAT\u00c9GICO NA AGENDA DE GOVERNA\u00c7\u00c3O"},"content":{"rendered":"\n<p><\/p>\n\n\n\n<p>O Secret\u00e1rio do Comit\u00e9 Central para \u00c1rea Comunica\u00e7\u00e3o e Imagem e Porta-Voz da FRELIMO, Pedro Guiliche, assume que Partido sempre teve nos \u00d3rg\u00e3os de Comunica\u00e7\u00e3o Social (OCS), um verdadeiro parceiro estrat\u00e9gico na elabora\u00e7\u00e3o da agenda de desenvolvimento e de Governa\u00e7\u00e3o do pa\u00eds, factor essencial no processo da consolida\u00e7\u00e3o do Estado de Direito Democr\u00e1tico.<\/p>\n\n\n\n<p>Pedro Guiliche fez este pronunciamento, esta ter\u00e7a-feira em Maputo, no in\u00edcio das visitas de trabalho aos \u00d3rg\u00e3os de Comunica\u00e7\u00e3o Social, tendo em vista a consolida\u00e7\u00e3o da rela\u00e7\u00e3o institucional entre a FRELIMO e este grupo de profissionais, promovendo um di\u00e1logo aberto e cont\u00ednuo.<\/p>\n\n\n\n<p>\u201cEstas visitas, que tiveram como ponto de partida a Televis\u00e3o de Mo\u00e7ambique, visam tamb\u00e9m estreitar la\u00e7os com os jornalistas, considerar as suas preocupa\u00e7\u00f5es e as suas perspectivas sobre o pa\u00eds, firmando uma rela\u00e7\u00e3o de confian\u00e7a e colabora\u00e7\u00e3o m\u00fatua\u201d, disse Guiliche.<\/p>\n","protected":false},"excerpt":{"rendered":"<p>O Secret\u00e1rio do Comit\u00e9 Central para \u00c1rea Comunica\u00e7\u00e3o e Imagem e Porta-Voz da FRELIMO, Pedro Guiliche, assume que Partido sempre teve nos \u00d3rg\u00e3os de Comunica\u00e7\u00e3o Social (OCS), um verdadeiro parceiro estrat\u00e9gico na elabora\u00e7\u00e3o da agenda de desenvolvimento e de Governa\u00e7\u00e3o do pa\u00eds, factor essencial no processo da consolida\u00e7\u00e3o do Estado de Direito Democr\u00e1tico. Pedro Guiliche &hellip;<\/p>\n","protected":false},"author":2,"featured_media":5566,"comment_status":"closed","ping_status":"open","sticky":false,"template":"","format":"standard","meta":{"_jetpack_memberships_contains_paid_content":false,"footnotes":""},"categories":[7],"tags":[],"class_list":["post-5565","post","type-post","status-publish","format-standard","has-post-thumbnail","hentry","category-destaques"],"jetpack_featured_media_url":"https:\/\/www.frelimo.org.mz\/wp-content\/uploads\/2025\/06\/FB_IMG_1750249743867.jpg","jetpack_sharing_enabled":true,"_links":{"self":[{"href":"https:\/\/www.frelimo.org.mz\/index.php?rest_route=\/wp\/v2\/posts\/5565","targetHints":{"allow":["GET"]}}],"collection":[{"href":"https:\/\/www.frelimo.org.mz\/index.php?rest_route=\/wp\/v2\/posts"}],"about":[{"href":"https:\/\/www.frelimo.org.mz\/index.php?rest_route=\/wp\/v2\/types\/post"}],"author":[{"embeddable":true,"href":"https:\/\/www.frelimo.org.mz\/index.php?rest_route=\/wp\/v2\/users\/2"}],"replies":[{"embeddable":true,"href":"https:\/\/www.frelimo.org.mz\/index.php?rest_route=%2Fwp%2Fv2%2Fcomments&post=5565"}],"version-history":[{"count":1,"href":"https:\/\/www.frelimo.org.mz\/index.php?rest_route=\/wp\/v2\/posts\/5565\/revisions"}],"predecessor-version":[{"id":5567,"href":"https:\/\/www.frelimo.org.mz\/index.php?rest_route=\/wp\/v2\/posts\/5565\/revisions\/5567"}],"wp:featuredmedia":[{"embeddable":true,"href":"https:\/\/www.frelimo.org.mz\/index.php?rest_route=\/wp\/v2\/media\/5566"}],"wp:attachment":[{"href":"https:\/\/www.frelimo.org.mz\/index.php?rest_route=%2Fwp%2Fv2%2Fmedia&parent=5565"}],"wp:term":[{"taxonomy":"category","embeddable":true,"href":"https:\/\/www.frelimo.org.mz\/index.php?rest_route=%2Fwp%2Fv2%2Fcategories&post=5565"},{"taxonomy":"post_tag","embeddable":true,"href":"https:\/\/www.frelimo.org.mz\/index.php?rest_route=%2Fwp%2Fv2%2Ftags&post=5565"}],"curies":[{"name":"wp","href":"https:\/\/api.w.org\/{rel}","templated":true}]}}