{"id":5467,"date":"2025-05-29T17:37:46","date_gmt":"2025-05-29T15:37:46","guid":{"rendered":"https:\/\/www.frelimo.org.mz\/?p=5467"},"modified":"2025-05-29T17:37:47","modified_gmt":"2025-05-29T15:37:47","slug":"frelimo-reforca-lacos-historicos-com-o-ccm-no-congresso-de-dodoma","status":"publish","type":"post","link":"https:\/\/www.frelimo.org.mz\/?p=5467","title":{"rendered":"FRELIMO REFOR\u00c7A LA\u00c7OS HIST\u00d3RICOS COM O CCM NO CONGRESSO DE DODOMA"},"content":{"rendered":"\n<p>FRELIMO REFOR\u00c7A LA\u00c7OS HIST\u00d3RICOS COM O CCM NO CONGRESSO DE DODOMA<\/p>\n\n\n\n<p>O Secret\u00e1rio-Geral da FRELIMO, Chakil Aboobacar, refor\u00e7a as rela\u00e7\u00f5es de amizade e coopera\u00e7\u00e3o com o Partido Chama Cha Mapinduzi (CCM), da Tanz\u00e2nia, ao participar no seu Congresso Nacional Ordin\u00e1rio \u2014 evento de dois dias que decorre na capital, Dodoma, cuja cerim\u00f3nia de abertura teve lugar na manh\u00e3 desta quinta-feira, 29 de Maio.<\/p>\n\n\n\n<p>Presente na sala durante o momento solene em que a Presidente do CCM e da Rep\u00fablica Unida da Tanz\u00e2nia, Samia Suluhu Hassan, dirigia a sess\u00e3o inaugural da reuni\u00e3o magna, <em>Chakil Aboobacar<\/em> testemunhava, assim, o respeito m\u00fatuo entre as duas forma\u00e7\u00f5es pol\u00edticas, historicamente ligadas por la\u00e7os profundos.<\/p>\n\n\n\n<p>Logo \u00e0 sua chegada \u00e0 capital tanzaniana, ontem, o Secret\u00e1rio-Geral declarara, em entrevista \u00e0 imprensa, que a presen\u00e7a da delega\u00e7\u00e3o que representa a FRELIMO no evento reafirma a amizade com o CCM, bem como a disponibilidade do Partido para continuar a privilegiar as linhas de apoio m\u00fatuo em todas as frentes.<\/p>\n","protected":false},"excerpt":{"rendered":"<p>FRELIMO REFOR\u00c7A LA\u00c7OS HIST\u00d3RICOS COM O CCM NO CONGRESSO DE DODOMA O Secret\u00e1rio-Geral da FRELIMO, Chakil Aboobacar, refor\u00e7a as rela\u00e7\u00f5es de amizade e coopera\u00e7\u00e3o com o Partido Chama Cha Mapinduzi (CCM), da Tanz\u00e2nia, ao participar no seu Congresso Nacional Ordin\u00e1rio \u2014 evento de dois dias que decorre na capital, Dodoma, cuja cerim\u00f3nia de abertura teve &hellip;<\/p>\n","protected":false},"author":2,"featured_media":5468,"comment_status":"closed","ping_status":"open","sticky":false,"template":"","format":"standard","meta":{"_jetpack_memberships_contains_paid_content":false,"footnotes":""},"categories":[7],"tags":[],"class_list":["post-5467","post","type-post","status-publish","format-standard","has-post-thumbnail","hentry","category-destaques"],"jetpack_featured_media_url":"https:\/\/www.frelimo.org.mz\/wp-content\/uploads\/2025\/05\/FB_IMG_1748532936208.jpg","jetpack_sharing_enabled":true,"_links":{"self":[{"href":"https:\/\/www.frelimo.org.mz\/index.php?rest_route=\/wp\/v2\/posts\/5467","targetHints":{"allow":["GET"]}}],"collection":[{"href":"https:\/\/www.frelimo.org.mz\/index.php?rest_route=\/wp\/v2\/posts"}],"about":[{"href":"https:\/\/www.frelimo.org.mz\/index.php?rest_route=\/wp\/v2\/types\/post"}],"author":[{"embeddable":true,"href":"https:\/\/www.frelimo.org.mz\/index.php?rest_route=\/wp\/v2\/users\/2"}],"replies":[{"embeddable":true,"href":"https:\/\/www.frelimo.org.mz\/index.php?rest_route=%2Fwp%2Fv2%2Fcomments&post=5467"}],"version-history":[{"count":0,"href":"https:\/\/www.frelimo.org.mz\/index.php?rest_route=\/wp\/v2\/posts\/5467\/revisions"}],"wp:featuredmedia":[{"embeddable":true,"href":"https:\/\/www.frelimo.org.mz\/index.php?rest_route=\/wp\/v2\/media\/5468"}],"wp:attachment":[{"href":"https:\/\/www.frelimo.org.mz\/index.php?rest_route=%2Fwp%2Fv2%2Fmedia&parent=5467"}],"wp:term":[{"taxonomy":"category","embeddable":true,"href":"https:\/\/www.frelimo.org.mz\/index.php?rest_route=%2Fwp%2Fv2%2Fcategories&post=5467"},{"taxonomy":"post_tag","embeddable":true,"href":"https:\/\/www.frelimo.org.mz\/index.php?rest_route=%2Fwp%2Fv2%2Ftags&post=5467"}],"curies":[{"name":"wp","href":"https:\/\/api.w.org\/{rel}","templated":true}]}}