{"id":5436,"date":"2025-05-15T13:12:27","date_gmt":"2025-05-15T11:12:27","guid":{"rendered":"https:\/\/www.frelimo.org.mz\/?p=5436"},"modified":"2025-05-15T13:12:29","modified_gmt":"2025-05-15T11:12:29","slug":"sg-da-frelimo-exige-trabalho-e-compromisso-dos-dirigentes-em-marracune","status":"publish","type":"post","link":"https:\/\/www.frelimo.org.mz\/?p=5436","title":{"rendered":"SG DA FRELIMO EXIGE TRABALHO E COMPROMISSO DOS DIRIGENTES EM MARRACUNE"},"content":{"rendered":"\n<p><\/p>\n\n\n\n<p>MAPUTO, 15 DE MAIO DE 2025 \u2013 Hoje, segundo e \u00faltimo dia da sua visita de dois dias \u00e0 prov\u00edncia de Maputo, o Secret\u00e1rio-Geral da FRELIMO, Chakil Aboobacar, iniciou os trabalhos no distrito de Marracuene, onde exigiu aos membros do Partido e do Governo local a trabalharem seriamente para satisfazer as necessidades do povo.<\/p>\n\n\n\n<p>Num com\u00edcio popular que orientou logo \u00e0 sua chegada ao distrito, Chakil Aboobacar foi categ\u00f3rico ao lembrar que os dirigentes distritais, municipais e at\u00e9 provinciais t\u00eam a miss\u00e3o de trabalhar e fazer cumprir as promessas que a FRELIMO fez durante a campanha eleitoral, as quais mereceram a confian\u00e7a da popula\u00e7\u00e3o.<\/p>\n\n\n\n<p>\u201c\u00c9 importante percebermos que a nossa popula\u00e7\u00e3o tem muita expectativa e, quando a gente n\u00e3o cumpre as promessas que fez, ela vai cobrar \u00e0 FRELIMO, pelo que temos de ter a consci\u00eancia de que a factura de n\u00e3o realizarmos aquilo que prometemos ser\u00e1 paga pelo Partido. (\u2026) mas, n\u00f3s n\u00e3o vamos permitir que a FRELIMO pague uma factura que deve ser de pessoas que n\u00e3o compreendem a tarefa que t\u00eam de servir \u00e0 popula\u00e7\u00e3o\u201d \u2013 garantiu.<\/p>\n\n\n\n<p><em>Chakil Aboobacar<\/em> explicou que a sua visita enquadra-se neste exerc\u00edcio de acompanhar de perto o desempenho dos \u00f3rg\u00e3os do Partido e refor\u00e7ar a uni\u00e3o e coes\u00e3o interna. Aqui, enfatizou que, enquanto Secret\u00e1rio-Geral, far\u00e1 de tudo que estiver ao seu alcance para acabar com todos os males que possam corroer o tecido partid\u00e1rio e prejudicar a imagem desta organiza\u00e7\u00e3o.<\/p>\n\n\n\n<p>A prop\u00f3sito dos 50 anos da Independ\u00eancia Nacional e do 63\u00ba Anivers\u00e1rio de funda\u00e7\u00e3o da FRELIMO, que se assinalam no pr\u00f3ximo dia 25 de Junho, o dirigente pediu o envolvimento activo da popula\u00e7\u00e3o de Marracuene nas celebra\u00e7\u00f5es, fazendo deste um momento de festa e de valoriza\u00e7\u00e3o de todas as conquistas que foram alcan\u00e7adas desde 1975.<\/p>\n","protected":false},"excerpt":{"rendered":"<p>MAPUTO, 15 DE MAIO DE 2025 \u2013 Hoje, segundo e \u00faltimo dia da sua visita de dois dias \u00e0 prov\u00edncia de Maputo, o Secret\u00e1rio-Geral da FRELIMO, Chakil Aboobacar, iniciou os trabalhos no distrito de Marracuene, onde exigiu aos membros do Partido e do Governo local a trabalharem seriamente para satisfazer as necessidades do povo. Num &hellip;<\/p>\n","protected":false},"author":2,"featured_media":5437,"comment_status":"closed","ping_status":"open","sticky":false,"template":"","format":"standard","meta":{"_jetpack_memberships_contains_paid_content":false,"footnotes":""},"categories":[7],"tags":[],"class_list":["post-5436","post","type-post","status-publish","format-standard","has-post-thumbnail","hentry","category-destaques"],"jetpack_featured_media_url":"https:\/\/www.frelimo.org.mz\/wp-content\/uploads\/2025\/05\/FB_IMG_1747307396678.jpg","jetpack_sharing_enabled":true,"_links":{"self":[{"href":"https:\/\/www.frelimo.org.mz\/index.php?rest_route=\/wp\/v2\/posts\/5436","targetHints":{"allow":["GET"]}}],"collection":[{"href":"https:\/\/www.frelimo.org.mz\/index.php?rest_route=\/wp\/v2\/posts"}],"about":[{"href":"https:\/\/www.frelimo.org.mz\/index.php?rest_route=\/wp\/v2\/types\/post"}],"author":[{"embeddable":true,"href":"https:\/\/www.frelimo.org.mz\/index.php?rest_route=\/wp\/v2\/users\/2"}],"replies":[{"embeddable":true,"href":"https:\/\/www.frelimo.org.mz\/index.php?rest_route=%2Fwp%2Fv2%2Fcomments&post=5436"}],"version-history":[{"count":0,"href":"https:\/\/www.frelimo.org.mz\/index.php?rest_route=\/wp\/v2\/posts\/5436\/revisions"}],"wp:featuredmedia":[{"embeddable":true,"href":"https:\/\/www.frelimo.org.mz\/index.php?rest_route=\/wp\/v2\/media\/5437"}],"wp:attachment":[{"href":"https:\/\/www.frelimo.org.mz\/index.php?rest_route=%2Fwp%2Fv2%2Fmedia&parent=5436"}],"wp:term":[{"taxonomy":"category","embeddable":true,"href":"https:\/\/www.frelimo.org.mz\/index.php?rest_route=%2Fwp%2Fv2%2Fcategories&post=5436"},{"taxonomy":"post_tag","embeddable":true,"href":"https:\/\/www.frelimo.org.mz\/index.php?rest_route=%2Fwp%2Fv2%2Ftags&post=5436"}],"curies":[{"name":"wp","href":"https:\/\/api.w.org\/{rel}","templated":true}]}}