{"id":5428,"date":"2025-05-13T21:48:38","date_gmt":"2025-05-13T19:48:38","guid":{"rendered":"https:\/\/www.frelimo.org.mz\/?p=5428"},"modified":"2025-05-13T21:55:29","modified_gmt":"2025-05-13T19:55:29","slug":"secretario-geral-da-frelimo-efectua-visita-de-trabalho-a-provincia-de-maputo","status":"publish","type":"post","link":"https:\/\/www.frelimo.org.mz\/?p=5428","title":{"rendered":"SECRET\u00c1RIO-GERAL DA FRELIMO EFECTUA VISITA DE TRABALHO \u00c0 PROV\u00cdNCIA DE MAPUTO"},"content":{"rendered":"\n<p><\/p>\n\n\n\n<p>MAPUTO, 13 DE MAIO DE 2025 &#8211; O Secret\u00e1rio-Geral da FRELIMO, Chakil Aboobacar, efectua de 14 a 15 de Maio de 2025, uma visita de trabalho \u00e0 Prov\u00edncia de Maputo.<\/p>\n\n\n\n<p>Durante a visita, o Secret\u00e1rio-Geral da FRELIMO dever\u00e1 manter encontros com os \u00f3rg\u00e3os locais do Partido e dirigir uma Sess\u00e3o Extraordin\u00e1ria do Secretariado do Comit\u00e9 Provincial alargada a outros quadros.<\/p>\n\n\n\n<p>A agenda inclui, ainda, reuni\u00f5es com as Organiza\u00e7\u00f5es Sociais do Partido e diferentes segmentos da sociedade, bem como dialogar com a popula\u00e7\u00e3o e exortar ao envolvimento activo de todos na preserva\u00e7\u00e3o da Paz, Unidade Nacional e conv\u00edvio harmonioso.<\/p>\n\n\n\n<p>A visita de Chakil Aboobacar insere-se no quadro da dinamiza\u00e7\u00e3o do funcionamento dos \u00d3rg\u00e3os do Partido, para al\u00e9m de servir como oportunidade para mobilizar a popula\u00e7\u00e3o a envolver-se activamente nas celebra\u00e7\u00f5es dos 50 anos da Independ\u00eancia Nacional e do 63\u00ba Anivers\u00e1rio da funda\u00e7\u00e3o da FRELIMO.<\/p>\n\n\n\n<p>Nesta desloca\u00e7\u00e3o, o Secret\u00e1rio-Geral da FRELIMO far-se-\u00e1 acompanhar pelos Secret\u00e1rios do Comit\u00e9 Central para \u00c1rea de Comunica\u00e7\u00e3o e Imagem, Pedro Guiliche; e da \u00c1rea de Economia e Projectos, Nelson Muianga; e outros quadros do Partido.<\/p>\n\n\n\n<p>60 ANOS CONSOLIDANDO A UNIDADE NACIONAL,<br>PROMOVENDO A PAZ E DESENVOLVIMENTO.<br>FRELIMO, A FOR\u00c7A DA MUDAN\u00c7A!<\/p>\n","protected":false},"excerpt":{"rendered":"<p>MAPUTO, 13 DE MAIO DE 2025 &#8211; O Secret\u00e1rio-Geral da FRELIMO, Chakil Aboobacar, efectua de 14 a 15 de Maio de 2025, uma visita de trabalho \u00e0 Prov\u00edncia de Maputo. Durante a visita, o Secret\u00e1rio-Geral da FRELIMO dever\u00e1 manter encontros com os \u00f3rg\u00e3os locais do Partido e dirigir uma Sess\u00e3o Extraordin\u00e1ria do Secretariado do Comit\u00e9 &hellip;<\/p>\n","protected":false},"author":2,"featured_media":5429,"comment_status":"closed","ping_status":"open","sticky":false,"template":"","format":"standard","meta":{"_jetpack_memberships_contains_paid_content":false,"footnotes":""},"categories":[7,5],"tags":[],"class_list":["post-5428","post","type-post","status-publish","format-standard","has-post-thumbnail","hentry","category-destaques","category-noticias"],"jetpack_featured_media_url":"https:\/\/www.frelimo.org.mz\/wp-content\/uploads\/2025\/05\/FB_IMG_1747165232014.jpg","jetpack_sharing_enabled":true,"_links":{"self":[{"href":"https:\/\/www.frelimo.org.mz\/index.php?rest_route=\/wp\/v2\/posts\/5428","targetHints":{"allow":["GET"]}}],"collection":[{"href":"https:\/\/www.frelimo.org.mz\/index.php?rest_route=\/wp\/v2\/posts"}],"about":[{"href":"https:\/\/www.frelimo.org.mz\/index.php?rest_route=\/wp\/v2\/types\/post"}],"author":[{"embeddable":true,"href":"https:\/\/www.frelimo.org.mz\/index.php?rest_route=\/wp\/v2\/users\/2"}],"replies":[{"embeddable":true,"href":"https:\/\/www.frelimo.org.mz\/index.php?rest_route=%2Fwp%2Fv2%2Fcomments&post=5428"}],"version-history":[{"count":0,"href":"https:\/\/www.frelimo.org.mz\/index.php?rest_route=\/wp\/v2\/posts\/5428\/revisions"}],"wp:featuredmedia":[{"embeddable":true,"href":"https:\/\/www.frelimo.org.mz\/index.php?rest_route=\/wp\/v2\/media\/5429"}],"wp:attachment":[{"href":"https:\/\/www.frelimo.org.mz\/index.php?rest_route=%2Fwp%2Fv2%2Fmedia&parent=5428"}],"wp:term":[{"taxonomy":"category","embeddable":true,"href":"https:\/\/www.frelimo.org.mz\/index.php?rest_route=%2Fwp%2Fv2%2Fcategories&post=5428"},{"taxonomy":"post_tag","embeddable":true,"href":"https:\/\/www.frelimo.org.mz\/index.php?rest_route=%2Fwp%2Fv2%2Ftags&post=5428"}],"curies":[{"name":"wp","href":"https:\/\/api.w.org\/{rel}","templated":true}]}}