{"id":5413,"date":"2025-05-09T13:59:11","date_gmt":"2025-05-09T11:59:11","guid":{"rendered":"https:\/\/www.frelimo.org.mz\/?p=5413"},"modified":"2025-05-09T13:59:15","modified_gmt":"2025-05-09T11:59:15","slug":"daniel-francisco-chapo-ja-se-encontra-em-zanzibar-para-o-estreitamento-de-lacos-de-amizade-e-cooperacao-entre-os-dois-povos","status":"publish","type":"post","link":"https:\/\/www.frelimo.org.mz\/?p=5413","title":{"rendered":"Daniel Francisco Chapo j\u00e1 se encontra em Zanzibar para o estreitamento de la\u00e7os de amizade e coopera\u00e7\u00e3o entre os dois povos."},"content":{"rendered":"\n<p>No prosseguimento da visita \u00e0 Rep\u00fablica Unida da Tanz\u00e2nia, o Presidente da FRELIMO e Presidente da Rep\u00fablica de Mo\u00e7ambique, o Camarada Daniel Francisco Chapo j\u00e1 se encontra em Zanzibar para o estreitamento de la\u00e7os de amizade e coopera\u00e7\u00e3o entre os dois povos.<\/p>\n","protected":false},"excerpt":{"rendered":"<p>No prosseguimento da visita \u00e0 Rep\u00fablica Unida da Tanz\u00e2nia, o Presidente da FRELIMO e Presidente da Rep\u00fablica de Mo\u00e7ambique, o Camarada Daniel Francisco Chapo j\u00e1 se encontra em Zanzibar para o estreitamento de la\u00e7os de amizade e coopera\u00e7\u00e3o entre os dois povos.<\/p>\n","protected":false},"author":2,"featured_media":5414,"comment_status":"closed","ping_status":"open","sticky":false,"template":"","format":"standard","meta":{"_jetpack_memberships_contains_paid_content":false,"footnotes":""},"categories":[7],"tags":[],"class_list":["post-5413","post","type-post","status-publish","format-standard","has-post-thumbnail","hentry","category-destaques"],"jetpack_featured_media_url":"https:\/\/www.frelimo.org.mz\/wp-content\/uploads\/2025\/05\/FB_IMG_1746791756826.jpg","jetpack_sharing_enabled":true,"_links":{"self":[{"href":"https:\/\/www.frelimo.org.mz\/index.php?rest_route=\/wp\/v2\/posts\/5413","targetHints":{"allow":["GET"]}}],"collection":[{"href":"https:\/\/www.frelimo.org.mz\/index.php?rest_route=\/wp\/v2\/posts"}],"about":[{"href":"https:\/\/www.frelimo.org.mz\/index.php?rest_route=\/wp\/v2\/types\/post"}],"author":[{"embeddable":true,"href":"https:\/\/www.frelimo.org.mz\/index.php?rest_route=\/wp\/v2\/users\/2"}],"replies":[{"embeddable":true,"href":"https:\/\/www.frelimo.org.mz\/index.php?rest_route=%2Fwp%2Fv2%2Fcomments&post=5413"}],"version-history":[{"count":1,"href":"https:\/\/www.frelimo.org.mz\/index.php?rest_route=\/wp\/v2\/posts\/5413\/revisions"}],"predecessor-version":[{"id":5415,"href":"https:\/\/www.frelimo.org.mz\/index.php?rest_route=\/wp\/v2\/posts\/5413\/revisions\/5415"}],"wp:featuredmedia":[{"embeddable":true,"href":"https:\/\/www.frelimo.org.mz\/index.php?rest_route=\/wp\/v2\/media\/5414"}],"wp:attachment":[{"href":"https:\/\/www.frelimo.org.mz\/index.php?rest_route=%2Fwp%2Fv2%2Fmedia&parent=5413"}],"wp:term":[{"taxonomy":"category","embeddable":true,"href":"https:\/\/www.frelimo.org.mz\/index.php?rest_route=%2Fwp%2Fv2%2Fcategories&post=5413"},{"taxonomy":"post_tag","embeddable":true,"href":"https:\/\/www.frelimo.org.mz\/index.php?rest_route=%2Fwp%2Fv2%2Ftags&post=5413"}],"curies":[{"name":"wp","href":"https:\/\/api.w.org\/{rel}","templated":true}]}}