{"id":5399,"date":"2025-05-01T14:25:34","date_gmt":"2025-05-01T12:25:34","guid":{"rendered":"https:\/\/www.frelimo.org.mz\/?p=5399"},"modified":"2025-05-04T14:28:30","modified_gmt":"2025-05-04T12:28:30","slug":"chakil-aboobacar-nas-celebracoes-do-50-o-aniversario-da-unificacao-do-vietname","status":"publish","type":"post","link":"https:\/\/www.frelimo.org.mz\/?p=5399","title":{"rendered":"CHAKIL ABOOBACAR NAS CELEBRA\u00c7\u00d5ES DO 50.\u00ba ANIVERS\u00c1RIO DA UNIFICA\u00c7\u00c3O DO VIETNAME"},"content":{"rendered":"\n<p><\/p>\n\n\n\n<p>O Secret\u00e1rio-Geral da FRELIMO, Chakil Aboobacar, participou esta quarta-feira, 30 de Abril de 2025, nas comemora\u00e7\u00f5es oficiais do 50.\u00ba anivers\u00e1rio da Liberta\u00e7\u00e3o do Sul do Vietname e da Unifica\u00e7\u00e3o Nacional, realizadas em Han\u00f3i. Este acto assinala o ponto culminante da sua visita de trabalho \u00e0 Rep\u00fablica Socialista do Vietname, iniciada no dia 26 de Abril e com t\u00e9rmino previsto para 1 de Maio.<\/p>\n\n\n\n<p>A cerim\u00f3nia, que reuniu delega\u00e7\u00f5es de diversos pa\u00edses, celebrou uma data emblem\u00e1tica para o povo vietnamita e refor\u00e7ou os la\u00e7os hist\u00f3ricos de amizade e solidariedade entre a FRELIMO e o Partido Comunista do Vietname (PCV).<br>Durante a sua estadia em Han\u00f3i, Chakil Aboobacar vem mantendo encontros com altos dirigentes do PCV, com enfoque na forma\u00e7\u00e3o pol\u00edtica, governa\u00e7\u00e3o partid\u00e1ria e interc\u00e2mbio entre jovens quadros. A agenda inclui ainda sess\u00f5es de trabalho com a Academia Pol\u00edtica Nacional de Ho Chi Minh, parceira institucional da Escola Central da FRELIMO.<\/p>\n\n\n\n<p>O Secret\u00e1rio-Geral tem reiterado, em nome da FRELIMO, a gratid\u00e3o do povo mo\u00e7ambicano pelo apoio solid\u00e1rio prestado pelo Vietname durante a luta de liberta\u00e7\u00e3o nacional, cuja vit\u00f3ria tamb\u00e9m completa 50 anos em 2025.<br>A presen\u00e7a activa da FRELIMO nas celebra\u00e7\u00f5es da unifica\u00e7\u00e3o vietnamita representa n\u00e3o apenas a continuidade de uma amizade hist\u00f3rica entre os dois povos, como tamb\u00e9m a renova\u00e7\u00e3o do compromisso com os princ\u00edpios da autodetermina\u00e7\u00e3o, da soberania nacional e da coopera\u00e7\u00e3o entre partidos.<\/p>\n\n\n\n<p>A poucos dias do encerramento da visita, Chakil Aboobacar tem destacado a relev\u00e2ncia dos encontros mantidos em Han\u00f3i para o fortalecimento das rela\u00e7\u00f5es partid\u00e1rias e a consolida\u00e7\u00e3o da coopera\u00e7\u00e3o entre a FRELIMO e o Partido Comunista do Vietname, alicer\u00e7ada numa hist\u00f3ria comum de luta, solidariedade e compromisso pol\u00edtico.<\/p>\n","protected":false},"excerpt":{"rendered":"<p>O Secret\u00e1rio-Geral da FRELIMO, Chakil Aboobacar, participou esta quarta-feira, 30 de Abril de 2025, nas comemora\u00e7\u00f5es oficiais do 50.\u00ba anivers\u00e1rio da Liberta\u00e7\u00e3o do Sul do Vietname e da Unifica\u00e7\u00e3o Nacional, realizadas em Han\u00f3i. Este acto assinala o ponto culminante da sua visita de trabalho \u00e0 Rep\u00fablica Socialista do Vietname, iniciada no dia 26 de Abril &hellip;<\/p>\n","protected":false},"author":2,"featured_media":5400,"comment_status":"closed","ping_status":"open","sticky":false,"template":"","format":"standard","meta":{"_jetpack_memberships_contains_paid_content":false,"footnotes":""},"categories":[5],"tags":[],"class_list":["post-5399","post","type-post","status-publish","format-standard","has-post-thumbnail","hentry","category-noticias"],"jetpack_featured_media_url":"https:\/\/www.frelimo.org.mz\/wp-content\/uploads\/2025\/05\/FB_IMG_1746361434197.jpg","jetpack_sharing_enabled":true,"_links":{"self":[{"href":"https:\/\/www.frelimo.org.mz\/index.php?rest_route=\/wp\/v2\/posts\/5399","targetHints":{"allow":["GET"]}}],"collection":[{"href":"https:\/\/www.frelimo.org.mz\/index.php?rest_route=\/wp\/v2\/posts"}],"about":[{"href":"https:\/\/www.frelimo.org.mz\/index.php?rest_route=\/wp\/v2\/types\/post"}],"author":[{"embeddable":true,"href":"https:\/\/www.frelimo.org.mz\/index.php?rest_route=\/wp\/v2\/users\/2"}],"replies":[{"embeddable":true,"href":"https:\/\/www.frelimo.org.mz\/index.php?rest_route=%2Fwp%2Fv2%2Fcomments&post=5399"}],"version-history":[{"count":0,"href":"https:\/\/www.frelimo.org.mz\/index.php?rest_route=\/wp\/v2\/posts\/5399\/revisions"}],"wp:featuredmedia":[{"embeddable":true,"href":"https:\/\/www.frelimo.org.mz\/index.php?rest_route=\/wp\/v2\/media\/5400"}],"wp:attachment":[{"href":"https:\/\/www.frelimo.org.mz\/index.php?rest_route=%2Fwp%2Fv2%2Fmedia&parent=5399"}],"wp:term":[{"taxonomy":"category","embeddable":true,"href":"https:\/\/www.frelimo.org.mz\/index.php?rest_route=%2Fwp%2Fv2%2Fcategories&post=5399"},{"taxonomy":"post_tag","embeddable":true,"href":"https:\/\/www.frelimo.org.mz\/index.php?rest_route=%2Fwp%2Fv2%2Ftags&post=5399"}],"curies":[{"name":"wp","href":"https:\/\/api.w.org\/{rel}","templated":true}]}}