{"id":5395,"date":"2025-05-04T14:11:52","date_gmt":"2025-05-04T12:11:52","guid":{"rendered":"https:\/\/www.frelimo.org.mz\/?p=5395"},"modified":"2025-05-04T14:11:58","modified_gmt":"2025-05-04T12:11:58","slug":"frelimo-e-anc-unem-forcas-em-joanesburgo-camarada-chakil-aboobacar-reafirma-compromisso-com-soberania-e-progresso-de-mocambique","status":"publish","type":"post","link":"https:\/\/www.frelimo.org.mz\/?p=5395","title":{"rendered":"Frelimo e ANC unem for\u00e7as em Joanesburgo: Camarada Chakil Aboobacar reafirma compromisso com soberania e progresso de Mo\u00e7ambique"},"content":{"rendered":"\n<p><\/p>\n\n\n\n<p>Maputo, 4 de Maio de 2025 \u2014 O Secret\u00e1rio-Geral da FRELIMO, camarada Chakil Aboobacar, reuniu-se a 2 de Maio em Joanesburgo com o Secret\u00e1rio-Geral do ANC, camarada Fikile Mbalula, num encontro que refor\u00e7ou os la\u00e7os hist\u00f3ricos entre os dois partidos e definiu estrat\u00e9gias conjuntas para os desafios pol\u00edticos e econ\u00f3micos da \u00c1frica Austral. O di\u00e1logo, inserido na diplomacia partid\u00e1ria activa da Frelimo, centrou-se no aprofundamento da coopera\u00e7\u00e3o entre movimentos de liberta\u00e7\u00e3o, com \u00eanfase na governa\u00e7\u00e3o progressista, defesa da soberania e promo\u00e7\u00e3o de justi\u00e7a social na regi\u00e3o.<\/p>\n\n\n\n<p>Aboobacar sublinhou o empenho da Frelimo em garantir unidade nacional e desenvolvimento inclusivo: \u201cHonramos o legado da luta de liberta\u00e7\u00e3o, assegurando estabilidade e progresso. Com o ANC, combatemos amea\u00e7as \u00e0 soberania e constru\u00edmos um Mo\u00e7ambique para todos\u201d. <em>Por seu turno<\/em>, Mbalula destacou a urg\u00eancia de unir esfor\u00e7os contra for\u00e7as internas e externas que visam desestabilizar os movimentos de liberta\u00e7\u00e3o.<\/p>\n\n\n\n<p>A alian\u00e7a entre a Frelimo e o ANC, cujas ra\u00edzes remontam \u00e0s d\u00e9cadas de 70 e 80 \u2014 quando Mo\u00e7ambique, sob lideran\u00e7a do Presidente Samora Machel, apoiou activamente o ANC contra o Apartheid \u2014, tem sido uma constante na hist\u00f3ria das duas na\u00e7\u00f5es. Em 2024, a tradicional proximidade entre os partidos manifestou-se novamente no apoio do ANC \u00e0 Frelimo.<\/p>\n\n\n\n<p>O encontro ocorre \u00e0s v\u00e9speras das celebra\u00e7\u00f5es dos 50 anos da Independ\u00eancia de Mo\u00e7ambique (Junho de 2025), marcando um esfor\u00e7o da Frelimo para mobilizar as bases na defesa das conquistas democr\u00e1ticas e no combate a desafios como o terrorismo em Cabo Delgado.<\/p>\n\n\n\n<p>A coopera\u00e7\u00e3o com o ANC, partido com d\u00e9cadas de experi\u00eancia de governa\u00e7\u00e3o, refor\u00e7a ainda a integra\u00e7\u00e3o econ\u00f3mica na SADC.<br>A visita de Aboobacar \u00e0 \u00c1frica do Sul consolida o partido como actor central na pol\u00edtica regional, empenhado numa \u00c1frica Austral mais resiliente, solid\u00e1ria e pr\u00f3spera.<\/p>\n","protected":false},"excerpt":{"rendered":"<p>Maputo, 4 de Maio de 2025 \u2014 O Secret\u00e1rio-Geral da FRELIMO, camarada Chakil Aboobacar, reuniu-se a 2 de Maio em Joanesburgo com o Secret\u00e1rio-Geral do ANC, camarada Fikile Mbalula, num encontro que refor\u00e7ou os la\u00e7os hist\u00f3ricos entre os dois partidos e definiu estrat\u00e9gias conjuntas para os desafios pol\u00edticos e econ\u00f3micos da \u00c1frica Austral. O di\u00e1logo, &hellip;<\/p>\n","protected":false},"author":2,"featured_media":5397,"comment_status":"closed","ping_status":"open","sticky":false,"template":"","format":"standard","meta":{"_jetpack_memberships_contains_paid_content":false,"footnotes":""},"categories":[7],"tags":[],"class_list":["post-5395","post","type-post","status-publish","format-standard","has-post-thumbnail","hentry","category-destaques"],"jetpack_featured_media_url":"https:\/\/www.frelimo.org.mz\/wp-content\/uploads\/2025\/05\/FB_IMG_1746360671460.jpg","jetpack_sharing_enabled":true,"_links":{"self":[{"href":"https:\/\/www.frelimo.org.mz\/index.php?rest_route=\/wp\/v2\/posts\/5395","targetHints":{"allow":["GET"]}}],"collection":[{"href":"https:\/\/www.frelimo.org.mz\/index.php?rest_route=\/wp\/v2\/posts"}],"about":[{"href":"https:\/\/www.frelimo.org.mz\/index.php?rest_route=\/wp\/v2\/types\/post"}],"author":[{"embeddable":true,"href":"https:\/\/www.frelimo.org.mz\/index.php?rest_route=\/wp\/v2\/users\/2"}],"replies":[{"embeddable":true,"href":"https:\/\/www.frelimo.org.mz\/index.php?rest_route=%2Fwp%2Fv2%2Fcomments&post=5395"}],"version-history":[{"count":0,"href":"https:\/\/www.frelimo.org.mz\/index.php?rest_route=\/wp\/v2\/posts\/5395\/revisions"}],"wp:featuredmedia":[{"embeddable":true,"href":"https:\/\/www.frelimo.org.mz\/index.php?rest_route=\/wp\/v2\/media\/5397"}],"wp:attachment":[{"href":"https:\/\/www.frelimo.org.mz\/index.php?rest_route=%2Fwp%2Fv2%2Fmedia&parent=5395"}],"wp:term":[{"taxonomy":"category","embeddable":true,"href":"https:\/\/www.frelimo.org.mz\/index.php?rest_route=%2Fwp%2Fv2%2Fcategories&post=5395"},{"taxonomy":"post_tag","embeddable":true,"href":"https:\/\/www.frelimo.org.mz\/index.php?rest_route=%2Fwp%2Fv2%2Ftags&post=5395"}],"curies":[{"name":"wp","href":"https:\/\/api.w.org\/{rel}","templated":true}]}}