{"id":5345,"date":"2025-04-18T12:20:55","date_gmt":"2025-04-18T10:20:55","guid":{"rendered":"https:\/\/www.frelimo.org.mz\/?p=5345"},"modified":"2025-04-18T12:20:59","modified_gmt":"2025-04-18T10:20:59","slug":"mensagem-da-bancada-parlamentar-da-frelimo-por-ocasiao-da-sexta-feira-santa","status":"publish","type":"post","link":"https:\/\/www.frelimo.org.mz\/?p=5345","title":{"rendered":"MENSAGEM DA BANCADA PARLAMENTAR DA FRELIMO POR OCASI\u00c3O DA SEXTA-FEIRA SANTA"},"content":{"rendered":"\n<p><\/p>\n\n\n\n<p><em>18 de Abril de 2025<\/em><\/p>\n\n\n\n<p>\u00c0 Comunidade Crist\u00e3 Mo\u00e7ambicana,<br>Ao Povo Mo\u00e7ambicano,<\/p>\n\n\n\n<p>Nesta Sexta-feira Santa, a Bancada Parlamentar da FRELIMO une-se em esp\u00edrito de reflex\u00e3o e profundo respeito ao sofrimento, \u00e0 crucifica\u00e7\u00e3o e \u00e0 morte de Jesus Cristo \u2014 um acto supremo de Amor e entrega pela salva\u00e7\u00e3o da humanidade.<\/p>\n\n\n\n<p><em>Este \u00e9 um tempo sagrado de contempla\u00e7\u00e3o, onde somos chamados a recordar que Cristo, em gesto de infinita compaix\u00e3o, ofereceu a sua vida para a reden\u00e7\u00e3o do mundo, renunciando ao \u00f3dio, \u00e0 injusti\u00e7a e ao ego\u00edsmo<\/em> . A sua cruz n\u00e3o representa derrota, mas sim esperan\u00e7a \u2014 esperan\u00e7a na renova\u00e7\u00e3o, na reconcilia\u00e7\u00e3o e na promessa da Ressurrei\u00e7\u00e3o.<\/p>\n\n\n\n<p><em>Hoje, mais do que nunca, \u00e9 tempo de testemunhar e viver o Amor<\/em> . Amor que constr\u00f3i pontes, que perdoa, que cura, que transforma. Amor que nos convida a estender a m\u00e3o ao pr\u00f3ximo, especialmente aos mais fr\u00e1geis, aos esquecidos e aos que clamam por justi\u00e7a.<\/p>\n\n\n\n<p><em>A mensagem da Cruz impele-nos a renunciar aos males que nos dividem e a aproximar-nos uns dos outros com humildade, compaix\u00e3o e esp\u00edrito de servi\u00e7o.<\/em> A verdadeira vit\u00f3ria de Cristo est\u00e1 na capacidade de transformar a dor em reden\u00e7\u00e3o, a morte em vida nova, o \u00f3dio em reconcilia\u00e7\u00e3o.<\/p>\n\n\n\n<p><em>Neste dia solene, clamamos pela paz duradoura em Mo\u00e7ambique, pela unidade nacional que se faz no respeito m\u00fatuo, na diversidade e no compromisso comum com o bem de todos. Que a luz da Ressurrei\u00e7\u00e3o de Cristo ilumine os caminhos do nosso povo e fortale\u00e7a o esp\u00edrito de solidariedade e fraternidade<\/em> .<\/p>\n\n\n\n<p><em>A todos desejamos uma Sexta-feira Santa de f\u00e9 viva, esperan\u00e7a firme e caridade ardente<\/em> . <em>Que a vida de Jesus nos inspire a viver com mais amor, mais verdade, mais justi\u00e7a<\/em> .<\/p>\n\n\n\n<p><em>Feliz P\u00e1scoa.<\/em><br><em>Paz, Unidade e Amor para todos.<\/em><\/p>\n\n\n\n<p><em>Feliz Silvia, Chefe da Bancada Parlamentar da FRELIMO<\/em><\/p>\n","protected":false},"excerpt":{"rendered":"<p>18 de Abril de 2025 \u00c0 Comunidade Crist\u00e3 Mo\u00e7ambicana,Ao Povo Mo\u00e7ambicano, Nesta Sexta-feira Santa, a Bancada Parlamentar da FRELIMO une-se em esp\u00edrito de reflex\u00e3o e profundo respeito ao sofrimento, \u00e0 crucifica\u00e7\u00e3o e \u00e0 morte de Jesus Cristo \u2014 um acto supremo de Amor e entrega pela salva\u00e7\u00e3o da humanidade. Este \u00e9 um tempo sagrado de &hellip;<\/p>\n","protected":false},"author":2,"featured_media":5346,"comment_status":"closed","ping_status":"open","sticky":false,"template":"","format":"standard","meta":{"_jetpack_memberships_contains_paid_content":false,"footnotes":""},"categories":[5],"tags":[],"class_list":["post-5345","post","type-post","status-publish","format-standard","has-post-thumbnail","hentry","category-noticias"],"jetpack_featured_media_url":"https:\/\/www.frelimo.org.mz\/wp-content\/uploads\/2025\/04\/IMG-20250418-WA0050.jpg","jetpack_sharing_enabled":true,"_links":{"self":[{"href":"https:\/\/www.frelimo.org.mz\/index.php?rest_route=\/wp\/v2\/posts\/5345","targetHints":{"allow":["GET"]}}],"collection":[{"href":"https:\/\/www.frelimo.org.mz\/index.php?rest_route=\/wp\/v2\/posts"}],"about":[{"href":"https:\/\/www.frelimo.org.mz\/index.php?rest_route=\/wp\/v2\/types\/post"}],"author":[{"embeddable":true,"href":"https:\/\/www.frelimo.org.mz\/index.php?rest_route=\/wp\/v2\/users\/2"}],"replies":[{"embeddable":true,"href":"https:\/\/www.frelimo.org.mz\/index.php?rest_route=%2Fwp%2Fv2%2Fcomments&post=5345"}],"version-history":[{"count":1,"href":"https:\/\/www.frelimo.org.mz\/index.php?rest_route=\/wp\/v2\/posts\/5345\/revisions"}],"predecessor-version":[{"id":5347,"href":"https:\/\/www.frelimo.org.mz\/index.php?rest_route=\/wp\/v2\/posts\/5345\/revisions\/5347"}],"wp:featuredmedia":[{"embeddable":true,"href":"https:\/\/www.frelimo.org.mz\/index.php?rest_route=\/wp\/v2\/media\/5346"}],"wp:attachment":[{"href":"https:\/\/www.frelimo.org.mz\/index.php?rest_route=%2Fwp%2Fv2%2Fmedia&parent=5345"}],"wp:term":[{"taxonomy":"category","embeddable":true,"href":"https:\/\/www.frelimo.org.mz\/index.php?rest_route=%2Fwp%2Fv2%2Fcategories&post=5345"},{"taxonomy":"post_tag","embeddable":true,"href":"https:\/\/www.frelimo.org.mz\/index.php?rest_route=%2Fwp%2Fv2%2Ftags&post=5345"}],"curies":[{"name":"wp","href":"https:\/\/api.w.org\/{rel}","templated":true}]}}