{"id":5332,"date":"2025-04-17T12:24:09","date_gmt":"2025-04-17T10:24:09","guid":{"rendered":"https:\/\/www.frelimo.org.mz\/?p=5332"},"modified":"2025-04-17T12:24:14","modified_gmt":"2025-04-17T10:24:14","slug":"secretario-geral-da-frelimo-quer-maior-dinamismo-dos-orgaos-do-partido-e-municipais-na-cidade-de-maputo","status":"publish","type":"post","link":"https:\/\/www.frelimo.org.mz\/?p=5332","title":{"rendered":"SECRET\u00c1RIO-GERAL DA FRELIMO QUER MAIOR DINAMISMO DOS \u00d3RG\u00c3OS DO PARTIDO E MUNICIPAIS NA CIDADE DE MAPUTO"},"content":{"rendered":"\n<p>O Secret\u00e1rio-Geral da FRELIMO, Chakil Aboobacar, instou os \u00f3rg\u00e3os do Partido e municipais, a n\u00edvel da cidade de Maputo, a imprimirem maior dinamismo na sua actua\u00e7\u00e3o, buscando cada vez mais solu\u00e7\u00f5es para as principais preocupa\u00e7\u00f5es da popula\u00e7\u00e3o, garantido assim a melhoria das suas condi\u00e7\u00f5es de vida.<\/p>\n\n\n\n<p>Chakil aboobacar, que efectua desde esta quarta-feira, 16 de Abril, uma visita de dois dias \u00e0 cidade de Maputo, no quadro de acompanhamento do funcionamento dos \u00f3rg\u00e3os do Partido, disse que a vit\u00f3ria inequ\u00edvoca da FRELIMO e do seu candidato, alcan\u00e7ada nas \u00faltimas elei\u00e7\u00f5es aut\u00e1rquicas, deve ser correspondida pelo trabalho coordenado, com benef\u00edcios direccionados para os mun\u00edcipes.<\/p>\n\n\n\n<p>\u201cAchamos ser necess\u00e1rio acompanhar, no local, o desempenho dos \u00f3rg\u00e3os do Parido e a ac\u00e7\u00e3o dos \u00f3rg\u00e3os aut\u00e1rquicos, por se tratar de um dos Munic\u00edpios que \u00e9 dirigido pela nossa FRELIMO, em prol da melhoria das condi\u00e7\u00f5es de vida dos cidad\u00e3os. Queremos, do mesmo modo, colher informa\u00e7\u00e3o sobre o contributo dos mun\u00edcipes para o desenvolvimento da capital do pa\u00eds\u201d, disse Aboobacar.<\/p>\n\n\n\n<p>Na ocasi\u00e3o, o Secret\u00e1rio-Geral da FRELIMO exortou o Partido ao n\u00edvel da Cidade de Maputo, no sentido de acelerar a ac\u00e7\u00e3o pol\u00edtica, visando o refor\u00e7o da implanta\u00e7\u00e3o dos \u00f3rg\u00e3os de base, face aos desafios actuais que a urbe, em particular, e o pa\u00eds enfrentam.<\/p>\n\n\n\n<p>Na cidade de Maputo, Chakil Aboobakcar tem igualmente na agenda a miss\u00e3o de partilhar com os quadros, militantes e simpatizantes da FRELIMO, as principais decis\u00f5es tomadas em sede da I Sess\u00e3o Extraordin\u00e1ria do Comit\u00e9 Central, realizada de 3 a 5 de Abril corrente.<\/p>\n\n\n\n<p>De acordo com o Secret\u00e1rio-Geral da FRELIMO, esta \u00e9 uma das etapas no cumprimento das promessas eleitorais, decorrentes da vit\u00f3ria expressiva do Partido e do seu candidato Presidencial, Daniel Francisco Chapo, cuja orienta\u00e7\u00e3o central \u00e9 trabalhar para o desenvolvimento pa\u00eds.<\/p>\n","protected":false},"excerpt":{"rendered":"<p>O Secret\u00e1rio-Geral da FRELIMO, Chakil Aboobacar, instou os \u00f3rg\u00e3os do Partido e municipais, a n\u00edvel da cidade de Maputo, a imprimirem maior dinamismo na sua actua\u00e7\u00e3o, buscando cada vez mais solu\u00e7\u00f5es para as principais preocupa\u00e7\u00f5es da popula\u00e7\u00e3o, garantido assim a melhoria das suas condi\u00e7\u00f5es de vida. Chakil aboobacar, que efectua desde esta quarta-feira, 16 de &hellip;<\/p>\n","protected":false},"author":2,"featured_media":5333,"comment_status":"closed","ping_status":"open","sticky":false,"template":"","format":"standard","meta":{"_jetpack_memberships_contains_paid_content":false,"footnotes":""},"categories":[7],"tags":[],"class_list":["post-5332","post","type-post","status-publish","format-standard","has-post-thumbnail","hentry","category-destaques"],"jetpack_featured_media_url":"https:\/\/www.frelimo.org.mz\/wp-content\/uploads\/2025\/04\/FB_IMG_1744885305156.jpg","jetpack_sharing_enabled":true,"_links":{"self":[{"href":"https:\/\/www.frelimo.org.mz\/index.php?rest_route=\/wp\/v2\/posts\/5332","targetHints":{"allow":["GET"]}}],"collection":[{"href":"https:\/\/www.frelimo.org.mz\/index.php?rest_route=\/wp\/v2\/posts"}],"about":[{"href":"https:\/\/www.frelimo.org.mz\/index.php?rest_route=\/wp\/v2\/types\/post"}],"author":[{"embeddable":true,"href":"https:\/\/www.frelimo.org.mz\/index.php?rest_route=\/wp\/v2\/users\/2"}],"replies":[{"embeddable":true,"href":"https:\/\/www.frelimo.org.mz\/index.php?rest_route=%2Fwp%2Fv2%2Fcomments&post=5332"}],"version-history":[{"count":0,"href":"https:\/\/www.frelimo.org.mz\/index.php?rest_route=\/wp\/v2\/posts\/5332\/revisions"}],"wp:featuredmedia":[{"embeddable":true,"href":"https:\/\/www.frelimo.org.mz\/index.php?rest_route=\/wp\/v2\/media\/5333"}],"wp:attachment":[{"href":"https:\/\/www.frelimo.org.mz\/index.php?rest_route=%2Fwp%2Fv2%2Fmedia&parent=5332"}],"wp:term":[{"taxonomy":"category","embeddable":true,"href":"https:\/\/www.frelimo.org.mz\/index.php?rest_route=%2Fwp%2Fv2%2Fcategories&post=5332"},{"taxonomy":"post_tag","embeddable":true,"href":"https:\/\/www.frelimo.org.mz\/index.php?rest_route=%2Fwp%2Fv2%2Ftags&post=5332"}],"curies":[{"name":"wp","href":"https:\/\/api.w.org\/{rel}","templated":true}]}}