{"id":5325,"date":"2025-04-16T11:37:22","date_gmt":"2025-04-16T09:37:22","guid":{"rendered":"https:\/\/www.frelimo.org.mz\/?p=5325"},"modified":"2025-04-16T12:39:12","modified_gmt":"2025-04-16T10:39:12","slug":"secretario-geral-da-frelimo-efectua-visita-de-trabalho-a-cidade-de-maputo","status":"publish","type":"post","link":"https:\/\/www.frelimo.org.mz\/?p=5325","title":{"rendered":"SECRET\u00c1RIO GERAL DA FRELIMO EFECTUA VISITA DE TRABALHO \u00c0 CIDADE DE MAPUTO"},"content":{"rendered":"\n<p>MAPUTO, 16 DE ABRIL DE 2025 &#8211; O Secret\u00e1rio-Geral da FRELIMO, Chakil Aboobacar, efectua de 16 a 17 de Abril de 2025, uma Visita de Trabalho \u00e0 Cidade de Maputo.<\/p>\n\n\n\n<p>Durante a visita, o Secret\u00e1rio-Geral da FRELIMO dever\u00e1 manter encontros com os \u00f3rg\u00e3os locais do Partido, dirigir uma Sess\u00e3o Extraordin\u00e1ria do Secretariado do Comit\u00e9 da Cidade alargada a outros quadros, realizar reuni\u00f5es com as Organiza\u00e7\u00f5es Sociais do Partido e diferentes segmentos da sociedade, dialogar com a popula\u00e7\u00e3o e exortar ao envolvimento activo de todos na preserva\u00e7\u00e3o da Paz, Unidade Nacional e conv\u00edvio harmonioso.<\/p>\n\n\n\n<p>A visita de Chakil Aboobacar insere-se no quadro da dinamiza\u00e7\u00e3o do funcionamento dos \u00d3rg\u00e3os do Partido, para al\u00e9m de servir como oportunidade para agradecer a popula\u00e7\u00e3o pelo voto depositado na FRELIMO e no seu Candidato, DANIEL FRANCISCO CHAPO, nas elei\u00e7\u00f5es gerais de 9 de Outubro de 2024.<\/p>\n\n\n\n<p>Nesta desloca\u00e7\u00e3o, o Secret\u00e1rio Geral da FRELIMO far-se-\u00e1 acompanhar pelos Secret\u00e1rios do Comit\u00e9 Central para \u00c1rea de Organiza\u00e7\u00e3o, Jo\u00e3o Muchine; da Mobiliza\u00e7\u00e3o, Trabalho Ideol\u00f3gico e Organiza\u00e7\u00f5es Sociais, Gon\u00e7alves Gemuce; bem como por outros quadros do Partido.<\/p>\n\n\n\n<p>60 ANOS CONSOLIDANDO A UNIDADE NACIONAL,<br>PROMOVENDO A PAZ E DESENVOLVIMENTO.<\/p>\n\n\n\n<p>FRELIMO, A FOR\u00c7A DA MUDAN\u00c7A!<\/p>\n\n\n\n<p><\/p>\n","protected":false},"excerpt":{"rendered":"<p>MAPUTO, 16 DE ABRIL DE 2025 &#8211; O Secret\u00e1rio-Geral da FRELIMO, Chakil Aboobacar, efectua de 16 a 17 de Abril de 2025, uma Visita de Trabalho \u00e0 Cidade de Maputo. Durante a visita, o Secret\u00e1rio-Geral da FRELIMO dever\u00e1 manter encontros com os \u00f3rg\u00e3os locais do Partido, dirigir uma Sess\u00e3o Extraordin\u00e1ria do Secretariado do Comit\u00e9 da &hellip;<\/p>\n","protected":false},"author":2,"featured_media":5331,"comment_status":"closed","ping_status":"open","sticky":false,"template":"","format":"standard","meta":{"_jetpack_memberships_contains_paid_content":false,"footnotes":""},"categories":[7],"tags":[],"class_list":["post-5325","post","type-post","status-publish","format-standard","has-post-thumbnail","hentry","category-destaques"],"jetpack_featured_media_url":"https:\/\/www.frelimo.org.mz\/wp-content\/uploads\/2025\/04\/IMG-20250416-WA0070.jpg","jetpack_sharing_enabled":true,"_links":{"self":[{"href":"https:\/\/www.frelimo.org.mz\/index.php?rest_route=\/wp\/v2\/posts\/5325","targetHints":{"allow":["GET"]}}],"collection":[{"href":"https:\/\/www.frelimo.org.mz\/index.php?rest_route=\/wp\/v2\/posts"}],"about":[{"href":"https:\/\/www.frelimo.org.mz\/index.php?rest_route=\/wp\/v2\/types\/post"}],"author":[{"embeddable":true,"href":"https:\/\/www.frelimo.org.mz\/index.php?rest_route=\/wp\/v2\/users\/2"}],"replies":[{"embeddable":true,"href":"https:\/\/www.frelimo.org.mz\/index.php?rest_route=%2Fwp%2Fv2%2Fcomments&post=5325"}],"version-history":[{"count":0,"href":"https:\/\/www.frelimo.org.mz\/index.php?rest_route=\/wp\/v2\/posts\/5325\/revisions"}],"wp:featuredmedia":[{"embeddable":true,"href":"https:\/\/www.frelimo.org.mz\/index.php?rest_route=\/wp\/v2\/media\/5331"}],"wp:attachment":[{"href":"https:\/\/www.frelimo.org.mz\/index.php?rest_route=%2Fwp%2Fv2%2Fmedia&parent=5325"}],"wp:term":[{"taxonomy":"category","embeddable":true,"href":"https:\/\/www.frelimo.org.mz\/index.php?rest_route=%2Fwp%2Fv2%2Fcategories&post=5325"},{"taxonomy":"post_tag","embeddable":true,"href":"https:\/\/www.frelimo.org.mz\/index.php?rest_route=%2Fwp%2Fv2%2Ftags&post=5325"}],"curies":[{"name":"wp","href":"https:\/\/api.w.org\/{rel}","templated":true}]}}