{"id":5282,"date":"2025-04-12T15:18:33","date_gmt":"2025-04-12T13:18:33","guid":{"rendered":"https:\/\/www.frelimo.org.mz\/?p=5282"},"modified":"2025-04-12T15:20:48","modified_gmt":"2025-04-12T13:20:48","slug":"daniel-chapo-enaltece-papel-da-aclln-na-promocao-dos-valores-do-patriotismo","status":"publish","type":"post","link":"https:\/\/www.frelimo.org.mz\/?p=5282","title":{"rendered":"Daniel Chapo enaltece papel da ACLLN na promo\u00e7\u00e3o dos valores do patriotismo"},"content":{"rendered":"\n<p><\/p>\n\n\n\n<p>O Presidente da FRELIMO e Presidente da Rep\u00fablica de Mo\u00e7ambique, Daniel Chapo, considera que na actual conjuntura de r\u00e1pidas transforma\u00e7\u00f5es do mundo, a Associa\u00e7\u00e3o dos Combatentes da Luta de Liberta\u00e7\u00e3o Nacional (ACLLN), deve continuar na vanguarda como guardi\u00e3 dos princ\u00edpios e valores patri\u00f3ticos da FRELIMO e do povo mo\u00e7ambicano, na luta permanente pelo desenvolvimento do pa\u00eds.<\/p>\n\n\n\n<p>O Presidente Chapo, que falava hoje, no acto da abertura da I Sess\u00e3o Extraordin\u00e1ria do Comit\u00e9 Nacional da ACLLN, que decorre na cidade da Matola, prov\u00edncia de Maputo, reconhece ainda o papel central desempenhado pela agremia\u00e7\u00e3o, no fortalecimento da FRELIMO, numa conjuntura em o Partido \u00e9 chamado a se reinventar face aos desafios da nova ordem mundial.<\/p>\n\n\n\n<p>\u201cTrata-se de uma ordem mundial que tem sido caracterizada pela emerg\u00eancia de novos paradigmas, que muitas vezes conduzem a perda de valores e solidariedade, amor ao pr\u00f3ximo e de respeito m\u00fatuo. N\u00f3s como FRELIMO somos chamados a mantermos firmes na nossa natureza de um Partido de paz, que congrega todas as camadas sociais que lutam pela defesa do bem-estar do povo\u201d, disse Daniel Chapo.<\/p>\n\n\n\n<p>De salientar que Daniel Francisco Chapo, foi proclamado nesta Sess\u00e3o, Presidente da ACLLN, num momento solene, dirigido pelo Presidente Honor\u00e1rio da FRELIMO, Joaquim Alberto Chissano.<\/p>\n","protected":false},"excerpt":{"rendered":"<p>O Presidente da FRELIMO e Presidente da Rep\u00fablica de Mo\u00e7ambique, Daniel Chapo, considera que na actual conjuntura de r\u00e1pidas transforma\u00e7\u00f5es do mundo, a Associa\u00e7\u00e3o dos Combatentes da Luta de Liberta\u00e7\u00e3o Nacional (ACLLN), deve continuar na vanguarda como guardi\u00e3 dos princ\u00edpios e valores patri\u00f3ticos da FRELIMO e do povo mo\u00e7ambicano, na luta permanente pelo desenvolvimento do &hellip;<\/p>\n","protected":false},"author":2,"featured_media":5281,"comment_status":"closed","ping_status":"open","sticky":false,"template":"","format":"standard","meta":{"_jetpack_memberships_contains_paid_content":false,"footnotes":""},"categories":[7],"tags":[],"class_list":["post-5282","post","type-post","status-publish","format-standard","has-post-thumbnail","hentry","category-destaques"],"jetpack_featured_media_url":"https:\/\/www.frelimo.org.mz\/wp-content\/uploads\/2025\/04\/IMG-20250412-WA0062.jpg","jetpack_sharing_enabled":true,"_links":{"self":[{"href":"https:\/\/www.frelimo.org.mz\/index.php?rest_route=\/wp\/v2\/posts\/5282","targetHints":{"allow":["GET"]}}],"collection":[{"href":"https:\/\/www.frelimo.org.mz\/index.php?rest_route=\/wp\/v2\/posts"}],"about":[{"href":"https:\/\/www.frelimo.org.mz\/index.php?rest_route=\/wp\/v2\/types\/post"}],"author":[{"embeddable":true,"href":"https:\/\/www.frelimo.org.mz\/index.php?rest_route=\/wp\/v2\/users\/2"}],"replies":[{"embeddable":true,"href":"https:\/\/www.frelimo.org.mz\/index.php?rest_route=%2Fwp%2Fv2%2Fcomments&post=5282"}],"version-history":[{"count":0,"href":"https:\/\/www.frelimo.org.mz\/index.php?rest_route=\/wp\/v2\/posts\/5282\/revisions"}],"wp:featuredmedia":[{"embeddable":true,"href":"https:\/\/www.frelimo.org.mz\/index.php?rest_route=\/wp\/v2\/media\/5281"}],"wp:attachment":[{"href":"https:\/\/www.frelimo.org.mz\/index.php?rest_route=%2Fwp%2Fv2%2Fmedia&parent=5282"}],"wp:term":[{"taxonomy":"category","embeddable":true,"href":"https:\/\/www.frelimo.org.mz\/index.php?rest_route=%2Fwp%2Fv2%2Fcategories&post=5282"},{"taxonomy":"post_tag","embeddable":true,"href":"https:\/\/www.frelimo.org.mz\/index.php?rest_route=%2Fwp%2Fv2%2Ftags&post=5282"}],"curies":[{"name":"wp","href":"https:\/\/api.w.org\/{rel}","templated":true}]}}