{"id":5266,"date":"2025-04-11T10:40:52","date_gmt":"2025-04-11T08:40:52","guid":{"rendered":"https:\/\/www.frelimo.org.mz\/?p=5266"},"modified":"2025-04-11T10:46:26","modified_gmt":"2025-04-11T08:46:26","slug":"mensagem-da-frelimo-pela-passagem-de-11-de-abril-dia-do-jornalista-mocambicano","status":"publish","type":"post","link":"https:\/\/www.frelimo.org.mz\/?p=5266","title":{"rendered":"MENSAGEM DA FRELIMO PELA PASSAGEM DE 11 DE ABRIL, DIA DO JORNALISTA MO\u00c7AMBICANO"},"content":{"rendered":"\n<p>SEDE NACIONAL<\/p>\n\n\n\n<p>Celebramos hoje, 11 de Abril, o Dia do Jornalista Mo\u00e7ambicano.<\/p>\n\n\n\n<p>A FRELIMO sa\u00fada todos os profissionais da Comunica\u00e7\u00e3o Social, aqueles que levam a informa\u00e7\u00e3o ao Povo.<\/p>\n\n\n\n<p>A FRELIMO reconhece que o Jornalista enfrenta v\u00e1rios desafios no seu trabalho de recolha, tratamento e divulga\u00e7\u00e3o das mat\u00e9rias noticiosas e na problem\u00e1tica da desinforma\u00e7\u00e3o.<\/p>\n\n\n\n<p>A FRELIMO encoraja o Jornalista a continuar a trabalhar tendo como base a imparcialidade e inspirando-se em fontes cred\u00edveis.<\/p>\n\n\n\n<p>A FRELIMO encoraja o Jornalista a divulgar informa\u00e7\u00f5es que promovem o patriotismo, unidade nacional e a repudiar os discursos de \u00f3dio entre os mo\u00e7ambicanos.<\/p>\n\n\n\n<p>Neste ano que celebramos 50 anos da Independ\u00eancia Nacional, o nosso Jubileu de Ouro, cabe ao Jornalista divulgar todas as conquistas dos mo\u00e7ambicanos e a encorajar para que todos trabalhem para um futuro risonho de harmonia e paz em benef\u00edcio dos nossos compatriotas.<\/p>\n\n\n\n<p>Pela passagem deste importante dia, a FRELIMO deseja a todos os profissionais da Comunica\u00e7\u00e3o Social e a SNJ\/Sindicanto Nacional de Jornalistas, uma passagem tranquila do 11 de Abril.<\/p>\n\n\n\n<p>60 ANOS CONSOLIDANDO A UNIDADE NACIONAL, PROMOVENDO A PAZ E O DESENVOLVIMENTO<br>FRELIMO, A FOR\u00c7A DA MUDAN\u00c7A.<\/p>\n\n\n\n<p>Maputo, 11 de Abril de 2025<\/p>\n","protected":false},"excerpt":{"rendered":"<p>SEDE NACIONAL Celebramos hoje, 11 de Abril, o Dia do Jornalista Mo\u00e7ambicano. A FRELIMO sa\u00fada todos os profissionais da Comunica\u00e7\u00e3o Social, aqueles que levam a informa\u00e7\u00e3o ao Povo. A FRELIMO reconhece que o Jornalista enfrenta v\u00e1rios desafios no seu trabalho de recolha, tratamento e divulga\u00e7\u00e3o das mat\u00e9rias noticiosas e na problem\u00e1tica da desinforma\u00e7\u00e3o. A FRELIMO &hellip;<\/p>\n","protected":false},"author":2,"featured_media":4852,"comment_status":"closed","ping_status":"open","sticky":false,"template":"","format":"standard","meta":{"_jetpack_memberships_contains_paid_content":false,"footnotes":""},"categories":[7],"tags":[],"class_list":["post-5266","post","type-post","status-publish","format-standard","has-post-thumbnail","hentry","category-destaques"],"jetpack_featured_media_url":"https:\/\/www.frelimo.org.mz\/wp-content\/uploads\/2024\/11\/FB_IMG_1732558226657.jpg","jetpack_sharing_enabled":true,"_links":{"self":[{"href":"https:\/\/www.frelimo.org.mz\/index.php?rest_route=\/wp\/v2\/posts\/5266","targetHints":{"allow":["GET"]}}],"collection":[{"href":"https:\/\/www.frelimo.org.mz\/index.php?rest_route=\/wp\/v2\/posts"}],"about":[{"href":"https:\/\/www.frelimo.org.mz\/index.php?rest_route=\/wp\/v2\/types\/post"}],"author":[{"embeddable":true,"href":"https:\/\/www.frelimo.org.mz\/index.php?rest_route=\/wp\/v2\/users\/2"}],"replies":[{"embeddable":true,"href":"https:\/\/www.frelimo.org.mz\/index.php?rest_route=%2Fwp%2Fv2%2Fcomments&post=5266"}],"version-history":[{"count":0,"href":"https:\/\/www.frelimo.org.mz\/index.php?rest_route=\/wp\/v2\/posts\/5266\/revisions"}],"wp:featuredmedia":[{"embeddable":true,"href":"https:\/\/www.frelimo.org.mz\/index.php?rest_route=\/wp\/v2\/media\/4852"}],"wp:attachment":[{"href":"https:\/\/www.frelimo.org.mz\/index.php?rest_route=%2Fwp%2Fv2%2Fmedia&parent=5266"}],"wp:term":[{"taxonomy":"category","embeddable":true,"href":"https:\/\/www.frelimo.org.mz\/index.php?rest_route=%2Fwp%2Fv2%2Fcategories&post=5266"},{"taxonomy":"post_tag","embeddable":true,"href":"https:\/\/www.frelimo.org.mz\/index.php?rest_route=%2Fwp%2Fv2%2Ftags&post=5266"}],"curies":[{"name":"wp","href":"https:\/\/api.w.org\/{rel}","templated":true}]}}