{"id":5202,"date":"2025-04-08T20:50:30","date_gmt":"2025-04-08T18:50:30","guid":{"rendered":"https:\/\/www.frelimo.org.mz\/?p=5202"},"modified":"2025-04-08T21:53:52","modified_gmt":"2025-04-08T19:53:52","slug":"iv-sessao-ordinariado-comite-central","status":"publish","type":"post","link":"https:\/\/www.frelimo.org.mz\/?p=5202","title":{"rendered":"IV SESS\u00c3O ORDIN\u00c1RIA DO COMIT\u00c9 CENTRAL &#8211; COMUNICADO DE IMPRENSA"},"content":{"rendered":"\n<p><\/p>\n\n\n\n<p>Sob direc\u00e7\u00e3o do Camarada DANIEL FRANCISCO CHAPO, Presidente da FRELIMO e Presidente da Rep\u00fablica de Mo\u00e7ambique, decorreu de 3 a 5 de Abril de 2025, no Sal\u00e3o de Congressos da Escola Central da FRELIMO, na Matola, Prov\u00edncia de Maputo, a IV Sess\u00e3oOrdin\u00e1ria do Comit\u00e9 Central, que contou com a participa\u00e7\u00e3o de 241 membros, dos 251 efectivos e 16 membros suplentes.<\/p>\n\n\n\n<p>Participaram ainda, como convidados, os Camaradas Joaquim Alberto Chissano e Armando Em\u00edlio Guebuza, Presidentes Honor\u00e1rios da FRELIMO, o Camarada Filipe Jacinto Nyusi, Antigo Presidente da FRELIMO, a Camarada Gueta Chapo, Primeira Dama da Rep\u00fablica, as Camaradas Gra\u00e7a Machel, Maria da Luz Guebuza e Isaura Ferr\u00e3o Nyusi, Antigas Primeiras-Damas, Quadros da FRELIMO, bem como membros da Sociedade Civil e Acad\u00e9micos.<\/p>\n\n\n\n<p>As crian\u00e7as, nossas flores que nunca murcham, alegraram a sess\u00e3o de abertura, cantando, dan\u00e7ando e declamando poesias, em sauda\u00e7\u00e3o \u00e0 sess\u00e3o.<\/p>\n\n\n\n<p>A IV Sess\u00e3o Ordin\u00e1ria do Comit\u00e9 Central foi tamb\u00e9m saudada pelas Organiza\u00e7\u00f5es Sociais da FRELIMO, nomeadamente, a Associa\u00e7\u00e3o dos Combatentes da Luta de Liberta\u00e7\u00e3o Nacional (ACLLN), a Organiza\u00e7\u00e3o da Mulher Mo\u00e7ambicana (OMM), e a Organiza\u00e7\u00e3o da Juventude Mo\u00e7ambicana (OJM), enaltecendo os feitos da FRELIMO e do Camarada Presidente DANIEL FRANCISCO CHAPO, com destaque para o impacto da implementa\u00e7\u00e3o do Plano dos 100 Dias de Governa\u00e7\u00e3o e a Assinatura do Compromisso Pol\u00edtico para um Di\u00e1logo Nacional Inclusivo, instrumentos que j\u00e1 est\u00e3o a criar um ambiente prop\u00edcio \u00e0 reconcilia\u00e7\u00e3o nacional e ao progresso econ\u00f3mico e social de Mo\u00e7ambique.<\/p>\n\n\n\n<p>As Organiza\u00e7\u00f5es Sociais da FRELIMO destacaram o facto de, em menos de tr\u00eas meses de Governa\u00e7\u00e3o e depois de um per\u00edodo p\u00f3s-eleitoral conturbado, as medidas at\u00e9 aqui tomadas pelo Governo sob a lideran\u00e7a do Camarada Presidente DANIEL FRANCISCO CHAPO, a destacar o pagamento do 13\u00ba vencimento, o pagamento das horas extras, do subs\u00eddio social b\u00e1sico e o in\u00edcio do pagamento das d\u00edvidas do Estado aos fornecedores de bens e servi\u00e7os, est\u00e3o gradualmente a devolver a confian\u00e7a dos mo\u00e7ambicanos, dos Agentes econ\u00f3micos e Parceiros de Coopera\u00e7\u00e3o Internacional, pelo seu impacto na retoma da economia e estabilidade social.<\/p>\n\n\n\n<p>A IV Sess\u00e3o Ordin\u00e1ria do Comit\u00e9 Central apreciou e aprovou a seguinte agenda de trabalhos contendo de entre outros pontos:<br>Relat\u00f3rio da Comiss\u00e3o Pol\u00edtica;<br>Relat\u00f3rio do Secretariado do Comit\u00e9 Central;<br>Relat\u00f3rio do Gabinete Central de Prepara\u00e7\u00e3o de Elei\u00e7\u00f5es;<br>Revis\u00e3o Pontual do Regulamento dos Estatutos do Partido;<br>Estrat\u00e9gia Nacional de Desenvolvimento (ENDE) 2025 \u2013 2044;<br>Proposta do Programa Quinquenal do Governo 2025 \u2013 2029;<br>Proposta do Plano Econ\u00f3mico e Social e Or\u00e7amento do Estado para 2025;<\/p>\n\n\n\n<p>No seu discurso de abertura, o Camarada DANIEL FRANCISCO CHAPO, Presidente da FRELIMO e Presidente da Rep\u00fablica de Mo\u00e7ambique, destacou a capacidade da FRELIMO de se renovar, adaptando-se aos imperativos de cada momento e posicionando-se como guia leg\u00edtimo dos mo\u00e7ambicanos na sua luta pela independ\u00eancia econ\u00f3mica, afirma\u00e7\u00e3o pol\u00edtica, social e cultural. Enfatizou ainda, que a FRELIMO tem logrado estes \u00eaxitos gra\u00e7as ao empenho dos seus membros e simpatizantes e ao funcionamento regular dos seus \u00f3rg\u00e3os, a todos os n\u00edveis, bem como na liga\u00e7\u00e3o com o Povo, seu ponto de partida e de chegada.<\/p>\n\n\n\n<p>O Camarada Presidente DANIEL FRANCISCO CHAPO, encorajou a todos os membros do Partido a uma introspe\u00e7\u00e3o profunda da organiza\u00e7\u00e3o de modo a identificar pr\u00e1ticas nocivas ao Partido reconhecendo os erros na nossa actua\u00e7\u00e3o, de modo a tra\u00e7ar estrat\u00e9gias eficazes que conduzam ao refor\u00e7o da coes\u00e3o interna e a genu\u00edna conviv\u00eancia com o Povo e no seio do povo, bem como ao resgate dos valores e princ\u00edpios que sempre nortearam a nossa organiza\u00e7\u00e3o.<\/p>\n\n\n\n<p>Neste contexto, a IV Sess\u00e3o do Comit\u00e9 Central deliberou pela convoca\u00e7\u00e3o da reuni\u00e3o de quadros e respectiva Confer\u00eancia Nacional, visando alargar a participa\u00e7\u00e3o dos membros e simpatizantes na discuss\u00e3o de mat\u00e9rias de interesse do Partido e do Pa\u00eds, tendo como \u00eanfase na renova\u00e7\u00e3o do contrato social com os mo\u00e7ambicanos e uma governa\u00e7\u00e3o orientada para resultados que respondam aos anseios do povo.<\/p>\n\n\n\n<p>O Comit\u00e9 Central enalteceu o alto n\u00edvel de prepara\u00e7\u00e3o e organiza\u00e7\u00e3o de todas as fases do processo eleitoral, o que permitiu a FRELIMO e seu candidato DANIEL FRANCISCO CHAPO, disputar e vencer as elei\u00e7\u00f5es de 9 de Outubro, fazendo prevalecer a vontade genu\u00edna do cidad\u00e3o eleitor, expressa atrav\u00e9s do voto depositado na urna, sendo esta a aut\u00eantica Verdade Eleitoral.<\/p>\n\n\n\n<p>O Comit\u00e9 Central condenou as manifesta\u00e7\u00f5es violentas, ilegais e criminosas que vivenciamos, em todo o Pa\u00eds, pois considera que as mesmas n\u00e3o t\u00eam respaldo nos resultados eleitorais, mas numa agenda meticulosamente preparada para desestabilizar o pa\u00eds e sobretudo estrangular a economia nacional e com impacto directo na vida dos mo\u00e7ambicanos.<\/p>\n\n\n\n<p>O Comit\u00e9 Central exorta os quadros, militantes e Simpatizantes do Partido FRELIMO a refor\u00e7ar o trabalho nas bases, com uma mensagem de reconcilia\u00e7\u00e3o, paz, amor e harmonia entre os mo\u00e7ambicanos, desconstruindo as narrativas de \u00f3dio propaladas por alguns segmentos que s\u00f3 contribuem para criar dor, luto e perdas incalcul\u00e1veis de bens p\u00fablicos e privados.<\/p>\n\n\n\n<p>O Comit\u00e9 Central expressa a sua profunda solidariedade \u00e0s fam\u00edlias dos cidad\u00e3os que perderam a vida v\u00edtimas destas manifesta\u00e7\u00f5es, desde pessoas singulares at\u00e9 aos membros das For\u00e7as de Defesa e Seguran\u00e7a. Em mem\u00f3ria dos compatriotas que perderam a vida v\u00edtimas das manifesta\u00e7\u00f5es violentas, do terrorismo, acidentes de via\u00e7\u00e3o, desastres naturais, entre outras causas, o Comit\u00e9 Central observou Um Minuto de Sil\u00eancio.<\/p>\n\n\n\n<p>Ainda no esp\u00edrito de solidariedade de mo\u00e7ambicano para mo\u00e7ambicano, O Comit\u00e9 Central exorta aos membros e simpatizantes do Partido e a popula\u00e7\u00e3o em geral a continuar a contribuir para minimizar o sofrimento dos nossos compatriotas afectados pelos Ciclones Chido, Dikeledi e Jude que assolaram as prov\u00edncias de Cabo delgado, Nampula, Niassa, Zamb\u00e9zia, Sofala, Tete e Manica.<\/p>\n\n\n\n<p>A IV Sess\u00e3o Ordin\u00e1ria do Comit\u00e9 Central contribuiu com valor de 2.172.000,00Mt (Dois Milhoes, Cento e Setenta e Dois mil Meticais) em apoio \u00e0s vitimas dos ciclones que afectaram o nosso pa\u00eds, no ano em curso.<\/p>\n\n\n\n<p>O Comit\u00e9 Central tomou boa nota do compromisso pol\u00edtico para um dialogo inclusivo assinado no dia 05 de Mar\u00e7o, entre os Partidos Pol\u00edticos com assento na Assembleia da Rep\u00fablica e com assento nas Assembleias provinciais e Aut\u00e1rquicas. O Comit\u00e9 Central enaltece e sa\u00fada os esfor\u00e7os do Camarada Presidente DANIEL FRANCISCO CHAPO, para se alcan\u00e7ar este Compromisso Politico que representa uma base para a estabiliza\u00e7\u00e3o pacifica\u00e7\u00e3o do Pa\u00eds, documento este que foi transformado em Lei e aprovado por unanimidade e aclama\u00e7\u00e3o pela Assembleia da Rep\u00fablica na sua sess\u00e3o do dia 02 de Abril de 2025.<\/p>\n\n\n\n<p>No intervalo entre a III Sess\u00e3o Extraordin\u00e1ria e esta, apartaram-se eternamente do Comit\u00e9 Central os Camaradas Jo\u00e3o dos Santos Ferreira, Zeca Morgado e Lu\u00edsa Uacate, cujo o desaparecimento representa uma perda irrepar\u00e1vel para as suas fam\u00edlias, para o Partido e para o Pa\u00eds.<\/p>\n\n\n\n<p>Nesta conformidade, passaram \u00e0 membros efectivos do \u00f3rg\u00e3o os Camaradas \u00c2ngela do Ros\u00e1rio Serrote, Chinguane Sebasti\u00e3o Mabote e Manuel Ribeiro Formiga.<\/p>\n\n\n\n<p>Passou tamb\u00e9m \u00e0 Membro do Comit\u00e9 Central o Camarada Carlos Jaime Zavala, eleito Primeiro Secret\u00e1rio do Comit\u00e9 Provincial de Maputo.<\/p>\n\n\n\n<p>Ap\u00f3s aprecia\u00e7\u00e3o e debate dos documentos constantes da agenda, a IV Sess\u00e3o Ordin\u00e1ria do Comit\u00e9 Central aprovou as Resolu\u00e7\u00f5es atinentes \u00e0:<br>Relat\u00f3rio da Comiss\u00e3o Pol\u00edtica;<br>Relat\u00f3rio do Comit\u00e9 de Verifica\u00e7\u00e3o do Comit\u00e9 Central;<br>Revis\u00e3o Pontual do Regulamento dos Estatutos do Partido;<br>Relat\u00f3rio do Secretariado do Comit\u00e9 Central;<br>Relat\u00f3rio do Gabinete Central de Prepara\u00e7\u00e3o de Elei\u00e7\u00f5es e;<br>Plano de Actividades e Or\u00e7amento do Partido para 2025;<\/p>\n\n\n\n<p>A IV Sess\u00e3o Ordin\u00e1ria do Comit\u00e9 Central aprovou, ainda, as seguintes Mo\u00e7\u00f5es de Sauda\u00e7\u00e3o:<br>Ao CAMARADA DANIEL FRANCISCO CHAPO, Presidente da FRELIMO e Presidente da Rep\u00fablica de Mo\u00e7ambique;<br>Ao Gabinete Central de Prepara\u00e7\u00e3o de Elei\u00e7\u00f5es;<br>Ao Povo Mo\u00e7ambicano;<br>\u00c0s For\u00e7as de Defesa e Seguran\u00e7a; e<br>\u00c0s Organiza\u00e7\u00f5es Sociais do Partido.<br>Na sequ\u00eancia da aprova\u00e7\u00e3o da Nova Org\u00e2nica do Secretariado do Comit\u00e9 Central do Partido FRELIMO, foram eleitos os seguintes camaradas para a responsabilidade de Secret\u00e1rio do Comit\u00e9 Central: Gon\u00e7alves Jo\u00e3o Gemusse, Pedro Madeira Guiliche, Celmira Frederico Pena da Silva e Nelson Muianga.<\/p>\n\n\n\n<p>O Comit\u00e9 Central foi informado dos preparativos da celebra\u00e7\u00e3o do Jubileu de Ouro da Independ\u00eancia Nacional, no pr\u00f3ximo dia 25 de Junho do ano em curso, sob o lema: \u201c50 Anos de Independ\u00eancia: Consolidando a Unidade Nacional, a Paz e o Desenvolvimento Sustent\u00e1vel\u201d.<\/p>\n\n\n\n<p>Para assinalar este marco hist\u00f3rico dos 50 anos da independ\u00eancia, ser\u00e1 lan\u00e7ada na pr\u00f3xima segunda-feira, dia 7 de Abril, dia da Mulher Mo\u00e7ambicana, a Chama da Unidade Nacional, em Nangade, Prov\u00edncia de Cabo Delgado. A tocha da Chama da Unidade Nacional vai percorrer todo o Pa\u00eds, estando prevista a sua chegada, ao Est\u00e1dio da Machava, no dia 25 de Junho, local onde h\u00e1 50 anos o Comit\u00e9 Central da Frente de Liberta\u00e7\u00e3o de Mo\u00e7ambique (FRELIMO), na voz do saudoso Presidente Samora Mois\u00e9s Machel, proclamou a independ\u00eancia nacional e a Constitui\u00e7\u00e3o da Rep\u00fablica.<\/p>\n\n\n\n<p>Sendo a independ\u00eancia nacional a maior conquista at\u00e9 hoje alcan\u00e7ada pelos mo\u00e7ambicanos, o Comit\u00e9 Central exorta aos mo\u00e7ambicanos para que se associem a este amplo movimento de exalta\u00e7\u00e3o da P\u00e1tria, Unidade Nacional, Toler\u00e2ncia, Cidadania, Paz e Inclus\u00e3o, participando nas diversas actividades de \u00edndole pol\u00edtico, econ\u00f3mico, social, desportivo, art\u00edstico, acad\u00e9mico, cient\u00edfico, cultural e recreativo, que ser\u00e3o realizadas ao longo deste ano.<\/p>\n\n\n\n<p>O Comit\u00e9 Central reafirma que a FRELIMO \u00e9 um Partido de massas, que defende os interesses do Povo, princ\u00edpios estes que devem manifestar-se na conduta di\u00e1ria dos seus membros, assente na simplicidade, humildade, respeito e amor pelo povo.<\/p>\n\n\n\n<p>A IV Sess\u00e3o Ordin\u00e1ria do Comit\u00e9 Central decorreu num ambiente de abertura e franqueza, com um debate prof\u00edcuo, alicer\u00e7ados no esp\u00edrito de cr\u00edtica-autocr\u00edtica que simultaneamente com o respeito e camaradagem, constituem valores para o refor\u00e7o da coes\u00e3o que sempre nortearam a sexagen\u00e1ria fam\u00edlia FRELIMO.<\/p>\n\n\n\n<p>A FRELIMO sai desta sess\u00e3o renovada e pronta para encarar os desafios do presente e do futuro, com enfoque no bem-estar de todos mo\u00e7ambicanos.<\/p>\n\n\n\n<p>60 ANOS CONSOLIDANDO A UNIDADE NACIONAL, PROMOVENDO A PAZ E DESENVOLVIMENTO<br>FRELIMO, A FOR\u00c7A DA MUDAN\u00c7A!<\/p>\n\n\n\n<p>Matola, 05 de Abril de 2025<\/p>\n","protected":false},"excerpt":{"rendered":"<p>Sob direc\u00e7\u00e3o do Camarada DANIEL FRANCISCO CHAPO, Presidente da FRELIMO e Presidente da Rep\u00fablica de Mo\u00e7ambique, decorreu de 3 a 5 de Abril de 2025, no Sal\u00e3o de Congressos da Escola Central da FRELIMO, na Matola, Prov\u00edncia de Maputo, a IV Sess\u00e3oOrdin\u00e1ria do Comit\u00e9 Central, que contou com a participa\u00e7\u00e3o de 241 membros, dos 251 &hellip;<\/p>\n","protected":false},"author":2,"featured_media":4852,"comment_status":"closed","ping_status":"open","sticky":false,"template":"","format":"standard","meta":{"_jetpack_memberships_contains_paid_content":false,"footnotes":""},"categories":[7],"tags":[],"class_list":["post-5202","post","type-post","status-publish","format-standard","has-post-thumbnail","hentry","category-destaques"],"jetpack_featured_media_url":"https:\/\/www.frelimo.org.mz\/wp-content\/uploads\/2024\/11\/FB_IMG_1732558226657.jpg","jetpack_sharing_enabled":true,"_links":{"self":[{"href":"https:\/\/www.frelimo.org.mz\/index.php?rest_route=\/wp\/v2\/posts\/5202","targetHints":{"allow":["GET"]}}],"collection":[{"href":"https:\/\/www.frelimo.org.mz\/index.php?rest_route=\/wp\/v2\/posts"}],"about":[{"href":"https:\/\/www.frelimo.org.mz\/index.php?rest_route=\/wp\/v2\/types\/post"}],"author":[{"embeddable":true,"href":"https:\/\/www.frelimo.org.mz\/index.php?rest_route=\/wp\/v2\/users\/2"}],"replies":[{"embeddable":true,"href":"https:\/\/www.frelimo.org.mz\/index.php?rest_route=%2Fwp%2Fv2%2Fcomments&post=5202"}],"version-history":[{"count":0,"href":"https:\/\/www.frelimo.org.mz\/index.php?rest_route=\/wp\/v2\/posts\/5202\/revisions"}],"wp:featuredmedia":[{"embeddable":true,"href":"https:\/\/www.frelimo.org.mz\/index.php?rest_route=\/wp\/v2\/media\/4852"}],"wp:attachment":[{"href":"https:\/\/www.frelimo.org.mz\/index.php?rest_route=%2Fwp%2Fv2%2Fmedia&parent=5202"}],"wp:term":[{"taxonomy":"category","embeddable":true,"href":"https:\/\/www.frelimo.org.mz\/index.php?rest_route=%2Fwp%2Fv2%2Fcategories&post=5202"},{"taxonomy":"post_tag","embeddable":true,"href":"https:\/\/www.frelimo.org.mz\/index.php?rest_route=%2Fwp%2Fv2%2Ftags&post=5202"}],"curies":[{"name":"wp","href":"https:\/\/api.w.org\/{rel}","templated":true}]}}