{"id":5175,"date":"2025-04-07T18:12:36","date_gmt":"2025-04-07T16:12:36","guid":{"rendered":"https:\/\/www.frelimo.org.mz\/?p=5175"},"modified":"2025-04-07T18:18:58","modified_gmt":"2025-04-07T16:18:58","slug":"a-partir-de-nangade-um-cidadao-que-ama-esta-patria","status":"publish","type":"post","link":"https:\/\/www.frelimo.org.mz\/?p=5175","title":{"rendered":"A partir de Nangade, um cidad\u00e3o que ama esta p\u00e1tria"},"content":{"rendered":"\n<p>H\u00e1 d\u00edas ouvimos o PR Chapo a dizer que a <em>Frelimo \u00e9 o povo<\/em>. Uma curta frase mas com alto sentido de simbolismo. Ao ver essas minhas imagens de Nangade, homens e mulheres de todas classes fortemente atentos para receber e escutar o PR chego a conclus\u00e3o inequ\u00edvoca de que Chapo resgatou o orgulho da Frelimo e mais n\u00e3o digo, tem dado uma verdadeira aula de sentido de Estado. Este \u00e9 o caminho para uma verdadeira unidade nacional. Parab\u00e9ns PR Chapo.<\/p>\n\n\n\n<figure class=\"wp-block-video\"><video height=\"1280\" style=\"aspect-ratio: 720 \/ 1280;\" width=\"720\" controls src=\"https:\/\/www.frelimo.org.mz\/wp-content\/uploads\/2025\/04\/VID-20250407-WA0059.mp4\"><\/video><\/figure>\n","protected":false},"excerpt":{"rendered":"<p>H\u00e1 d\u00edas ouvimos o PR Chapo a dizer que a Frelimo \u00e9 o povo. Uma curta frase mas com alto sentido de simbolismo. Ao ver essas minhas imagens de Nangade, homens e mulheres de todas classes fortemente atentos para receber e escutar o PR chego a conclus\u00e3o inequ\u00edvoca de que Chapo resgatou o orgulho da &hellip;<\/p>\n","protected":false},"author":2,"featured_media":5178,"comment_status":"closed","ping_status":"open","sticky":false,"template":"","format":"standard","meta":{"_jetpack_memberships_contains_paid_content":false,"footnotes":""},"categories":[5],"tags":[],"class_list":["post-5175","post","type-post","status-publish","format-standard","has-post-thumbnail","hentry","category-noticias"],"jetpack_featured_media_url":"https:\/\/www.frelimo.org.mz\/wp-content\/uploads\/2025\/04\/Screenshot_20250407_181100_WhatsApp-1.png","jetpack_sharing_enabled":true,"_links":{"self":[{"href":"https:\/\/www.frelimo.org.mz\/index.php?rest_route=\/wp\/v2\/posts\/5175","targetHints":{"allow":["GET"]}}],"collection":[{"href":"https:\/\/www.frelimo.org.mz\/index.php?rest_route=\/wp\/v2\/posts"}],"about":[{"href":"https:\/\/www.frelimo.org.mz\/index.php?rest_route=\/wp\/v2\/types\/post"}],"author":[{"embeddable":true,"href":"https:\/\/www.frelimo.org.mz\/index.php?rest_route=\/wp\/v2\/users\/2"}],"replies":[{"embeddable":true,"href":"https:\/\/www.frelimo.org.mz\/index.php?rest_route=%2Fwp%2Fv2%2Fcomments&post=5175"}],"version-history":[{"count":0,"href":"https:\/\/www.frelimo.org.mz\/index.php?rest_route=\/wp\/v2\/posts\/5175\/revisions"}],"wp:featuredmedia":[{"embeddable":true,"href":"https:\/\/www.frelimo.org.mz\/index.php?rest_route=\/wp\/v2\/media\/5178"}],"wp:attachment":[{"href":"https:\/\/www.frelimo.org.mz\/index.php?rest_route=%2Fwp%2Fv2%2Fmedia&parent=5175"}],"wp:term":[{"taxonomy":"category","embeddable":true,"href":"https:\/\/www.frelimo.org.mz\/index.php?rest_route=%2Fwp%2Fv2%2Fcategories&post=5175"},{"taxonomy":"post_tag","embeddable":true,"href":"https:\/\/www.frelimo.org.mz\/index.php?rest_route=%2Fwp%2Fv2%2Ftags&post=5175"}],"curies":[{"name":"wp","href":"https:\/\/api.w.org\/{rel}","templated":true}]}}