{"id":5125,"date":"2025-04-03T10:30:25","date_gmt":"2025-04-03T08:30:25","guid":{"rendered":"https:\/\/www.frelimo.org.mz\/?p=5125"},"modified":"2025-04-10T19:57:18","modified_gmt":"2025-04-10T17:57:18","slug":"frelimo-em-gaza-marcha-em-saudacao-ao-presidente-do-partido","status":"publish","type":"post","link":"https:\/\/www.frelimo.org.mz\/?p=5125","title":{"rendered":"FRELIMO EM GAZA MARCHA EM SAUDA\u00c7\u00c3O AO PRESIDENTE DO PARTIDO"},"content":{"rendered":"\n<p>Milhares de membros e simpatizantes o Partido FRELIMO em Gaza vestiram-se hoje \u00e0 rigor numa marcha liderada pelo camara Daniel Jo\u00e3o Matavele, Primeiro Secret\u00e1rio da FRELIMO em Gaza, em sauda\u00e7\u00e3o ao Camarada Daniel Francisco Chapo, Presidente da FRELIMO e presidente da Rep\u00fablica de Mo\u00e7ambique.<\/p>\n\n\n\n<p>A presente sauda\u00e7\u00e3o, tem como serne reconhecer a entrega e promo\u00e7\u00e3o de um di\u00e1logo inclusivo, que foi testemunhado com a assinatura a 05 de Mar\u00e7o de 2025 do compromisso politico para um di\u00e1logo nacional, envolvendo dirigentes de partidos pol\u00edticos e outros actores da sociedade Mo\u00e7ambicana.<\/p>\n\n\n\n<p>O partido Frelimo em Gaza Sauda ainda, o presidente Daniel Francisco Chapo e o governo por si sabiamente liderado pela implementa\u00e7\u00e3o do plano dos primeiros 100 dias de governa\u00e7\u00e3o, desde o pagamento do 13\u00ba sal\u00e1rio aos funcion\u00e1rios p\u00fablicos, a regulariza\u00e7\u00e3o no pagamento das horas extras na educa\u00e7\u00e3o e sa\u00fade, bem como a liquida\u00e7\u00e3o de d\u00edvidas com fornecedores do Estado.<\/p>\n\n\n\n<p>60 ANOS CONSOLIDANDO A UNIDADE NACIONAL, PROMOVENDO A PAZ E DESENVOLVIMENTO<\/p>\n\n\n\n<p>FRELIMO, A FOR\u00c7A DA MUDAN\u00c7A!<\/p>\n","protected":false},"excerpt":{"rendered":"<p>Milhares de membros e simpatizantes o Partido FRELIMO em Gaza vestiram-se hoje \u00e0 rigor numa marcha liderada pelo camara Daniel Jo\u00e3o Matavele, Primeiro Secret\u00e1rio da FRELIMO em Gaza, em sauda\u00e7\u00e3o ao Camarada Daniel Francisco Chapo, Presidente da FRELIMO e presidente da Rep\u00fablica de Mo\u00e7ambique. A presente sauda\u00e7\u00e3o, tem como serne reconhecer a entrega e promo\u00e7\u00e3o &hellip;<\/p>\n","protected":false},"author":2,"featured_media":5126,"comment_status":"closed","ping_status":"open","sticky":false,"template":"","format":"standard","meta":{"_jetpack_memberships_contains_paid_content":false,"footnotes":""},"categories":[10,5,4],"tags":[],"class_list":["post-5125","post","type-post","status-publish","format-standard","has-post-thumbnail","hentry","category-info-celulas","category-noticias","category-outras"],"jetpack_featured_media_url":"https:\/\/www.frelimo.org.mz\/wp-content\/uploads\/2025\/04\/487784061_581953128221033_7664010086208181192_n-1.jpg","jetpack_sharing_enabled":true,"_links":{"self":[{"href":"https:\/\/www.frelimo.org.mz\/index.php?rest_route=\/wp\/v2\/posts\/5125","targetHints":{"allow":["GET"]}}],"collection":[{"href":"https:\/\/www.frelimo.org.mz\/index.php?rest_route=\/wp\/v2\/posts"}],"about":[{"href":"https:\/\/www.frelimo.org.mz\/index.php?rest_route=\/wp\/v2\/types\/post"}],"author":[{"embeddable":true,"href":"https:\/\/www.frelimo.org.mz\/index.php?rest_route=\/wp\/v2\/users\/2"}],"replies":[{"embeddable":true,"href":"https:\/\/www.frelimo.org.mz\/index.php?rest_route=%2Fwp%2Fv2%2Fcomments&post=5125"}],"version-history":[{"count":0,"href":"https:\/\/www.frelimo.org.mz\/index.php?rest_route=\/wp\/v2\/posts\/5125\/revisions"}],"wp:featuredmedia":[{"embeddable":true,"href":"https:\/\/www.frelimo.org.mz\/index.php?rest_route=\/wp\/v2\/media\/5126"}],"wp:attachment":[{"href":"https:\/\/www.frelimo.org.mz\/index.php?rest_route=%2Fwp%2Fv2%2Fmedia&parent=5125"}],"wp:term":[{"taxonomy":"category","embeddable":true,"href":"https:\/\/www.frelimo.org.mz\/index.php?rest_route=%2Fwp%2Fv2%2Fcategories&post=5125"},{"taxonomy":"post_tag","embeddable":true,"href":"https:\/\/www.frelimo.org.mz\/index.php?rest_route=%2Fwp%2Fv2%2Ftags&post=5125"}],"curies":[{"name":"wp","href":"https:\/\/api.w.org\/{rel}","templated":true}]}}