{"id":5093,"date":"2025-03-26T10:39:41","date_gmt":"2025-03-26T08:39:41","guid":{"rendered":"https:\/\/www.frelimo.org.mz\/?p=5093"},"modified":"2025-03-26T10:39:43","modified_gmt":"2025-03-26T08:39:43","slug":"frelimo-recebe-mensagem-de-esperanca-do-presidente-guebuza","status":"publish","type":"post","link":"https:\/\/www.frelimo.org.mz\/?p=5093","title":{"rendered":"FRELIMO recebe mensagem de esperan\u00e7a do Presidente Guebuza"},"content":{"rendered":"\n<p><\/p>\n\n\n\n<p>O Presidente Honor\u00e1rio da FRELIMO e antigo Presidente da Rep\u00fablica, Armando Guebuza, disse que a esperan\u00e7a do povo mo\u00e7ambicano \u00e9 a estabiliza\u00e7\u00e3o do pa\u00eds e o Presidente da Rep\u00fablica, Daniel Francisco Chapo, est\u00e1 na vanguarda neste processo, onde os cidad\u00e3os devem depositar confian\u00e7a na capacidade da sua lideran\u00e7a nos destinos desta Na\u00e7\u00e3o.<\/p>\n\n\n\n<p>Armando Guebuza fez este pronunciamento ontem em Maputo, durante a visita do Secret\u00e1rio-Geral da FRELIMO, Chakil Aboobakar, no seu gabinete de trabalho, no contexto da pr\u00e1tica do Partido de aproximar os antigos dirigentes para auscultar as suas experi\u00eancias de governa\u00e7\u00e3o e as expectativas sobre o funcionamento da Organiza\u00e7\u00e3o e do Governo.<\/p>\n\n\n\n<p>Na ocasi\u00e3o, o antigo Chefe do Estado disse que este contacto n\u00e3o deve significar um simbolismo, mas sim, uma manifesta\u00e7\u00e3o da vontade de trabalhar, tal como orienta o Presidente da Rep\u00fablica, Daniel Francisco Chapo. \u201cEsta interac\u00e7\u00e3o n\u00e3o deve constituir rotura. \u00c9 continua\u00e7\u00e3o do trabalho, a todos os n\u00edveis, para que o pa\u00eds prossiga rumo ao desenvolvimento. Concentremo-nos no trabalho que \u00e9 o nosso principal foco\u201d, sublinhou.<\/p>\n\n\n\n<p>Por seu turno, Chakil Aboobacar manifestou satisfa\u00e7\u00e3o pela mensagem de encorajamento e de esperan\u00e7a transmitida pelo Presidente Armando Guebuza, para que as ac\u00e7\u00f5es do Partido e do Governo levem a \u201cbom Porto\u201d, os desafios que o pa\u00eds atravessa.<\/p>\n\n\n\n<p>\u201cSentimos que h\u00e1 muita expectativa no seio dos quadros da FRELIMO e da popula\u00e7\u00e3o na direc\u00e7\u00e3o do Presidente da Rep\u00fablica, Daniel Francisco Chapo. Do mesmo modo, existe esperan\u00e7a de que a estrutura do Partido possa acompanhar e servir da melhor maneira as expectativas do povo\u201d, disse o Secret\u00e1rio-Geral da FRELIMO.<\/p>\n\n\n\n<p>Chakil Aboobacar saudou, na ocasi\u00e3o, o encontro que o Presidente Daniel Chapo manteve com o cidad\u00e3o Ven\u00e2ncio Mondlane, tendo real\u00e7ado o di\u00e1logo como a \u00fanica forma de promover a paz e estabilidade no pa\u00eds. \u201cEste \u00e9 ponto de converg\u00eancia entre os mo\u00e7ambicanos para a consolida\u00e7\u00e3o de um ambiente de harmonia e reconcilia\u00e7\u00e3o\u201d, sublinhou.<\/p>\n","protected":false},"excerpt":{"rendered":"<p>O Presidente Honor\u00e1rio da FRELIMO e antigo Presidente da Rep\u00fablica, Armando Guebuza, disse que a esperan\u00e7a do povo mo\u00e7ambicano \u00e9 a estabiliza\u00e7\u00e3o do pa\u00eds e o Presidente da Rep\u00fablica, Daniel Francisco Chapo, est\u00e1 na vanguarda neste processo, onde os cidad\u00e3os devem depositar confian\u00e7a na capacidade da sua lideran\u00e7a nos destinos desta Na\u00e7\u00e3o. Armando Guebuza fez &hellip;<\/p>\n","protected":false},"author":2,"featured_media":5094,"comment_status":"closed","ping_status":"open","sticky":false,"template":"","format":"standard","meta":{"_jetpack_memberships_contains_paid_content":false,"footnotes":""},"categories":[7],"tags":[],"class_list":["post-5093","post","type-post","status-publish","format-standard","has-post-thumbnail","hentry","category-destaques"],"jetpack_featured_media_url":"https:\/\/www.frelimo.org.mz\/wp-content\/uploads\/2025\/03\/FB_IMG_1742978200047.jpg","jetpack_sharing_enabled":true,"_links":{"self":[{"href":"https:\/\/www.frelimo.org.mz\/index.php?rest_route=\/wp\/v2\/posts\/5093","targetHints":{"allow":["GET"]}}],"collection":[{"href":"https:\/\/www.frelimo.org.mz\/index.php?rest_route=\/wp\/v2\/posts"}],"about":[{"href":"https:\/\/www.frelimo.org.mz\/index.php?rest_route=\/wp\/v2\/types\/post"}],"author":[{"embeddable":true,"href":"https:\/\/www.frelimo.org.mz\/index.php?rest_route=\/wp\/v2\/users\/2"}],"replies":[{"embeddable":true,"href":"https:\/\/www.frelimo.org.mz\/index.php?rest_route=%2Fwp%2Fv2%2Fcomments&post=5093"}],"version-history":[{"count":0,"href":"https:\/\/www.frelimo.org.mz\/index.php?rest_route=\/wp\/v2\/posts\/5093\/revisions"}],"wp:featuredmedia":[{"embeddable":true,"href":"https:\/\/www.frelimo.org.mz\/index.php?rest_route=\/wp\/v2\/media\/5094"}],"wp:attachment":[{"href":"https:\/\/www.frelimo.org.mz\/index.php?rest_route=%2Fwp%2Fv2%2Fmedia&parent=5093"}],"wp:term":[{"taxonomy":"category","embeddable":true,"href":"https:\/\/www.frelimo.org.mz\/index.php?rest_route=%2Fwp%2Fv2%2Fcategories&post=5093"},{"taxonomy":"post_tag","embeddable":true,"href":"https:\/\/www.frelimo.org.mz\/index.php?rest_route=%2Fwp%2Fv2%2Ftags&post=5093"}],"curies":[{"name":"wp","href":"https:\/\/api.w.org\/{rel}","templated":true}]}}