{"id":5073,"date":"2025-03-17T15:49:46","date_gmt":"2025-03-17T13:49:46","guid":{"rendered":"https:\/\/www.frelimo.org.mz\/?p=5073"},"modified":"2025-03-17T15:49:48","modified_gmt":"2025-03-17T13:49:48","slug":"sg-da-frelimo-exalta-papel-da-mulher-na-edificacao-do-pais","status":"publish","type":"post","link":"https:\/\/www.frelimo.org.mz\/?p=5073","title":{"rendered":"SG DA FRELIMO EXALTA PAPEL DA MULHER NA EDIFICA\u00c7\u00c3O DO PA\u00cdS"},"content":{"rendered":"\n<p><\/p>\n\n\n\n<p>A Organiza\u00e7\u00e3o da Mulher Mo\u00e7ambicana (OMM) celebra, neste domingo, 16 de Mar\u00e7o, mais um anivers\u00e1rio da sua cria\u00e7\u00e3o, uma efem\u00e9ride que o Secret\u00e1rio-Geral da FRELIMO, Chakil Aboobacar, n\u00e3o deixou passar despercebida, aproveitando para reconhecer e enaltecer o contributo que as mulheres d\u00e3o para a constru\u00e7\u00e3o de um Mo\u00e7ambique cada vez melhor.<\/p>\n\n\n\n<p>Chakil Aboobacar juntou-se \u00e0 OMM, na cidade da Beira, onde se encontra no quadro da visita de trabalho que efectua \u00e0 prov\u00edncia de Sofala, tendo agradecido pela veia cuidadora que este grupo social carrega, o que serve de inspira\u00e7\u00e3o para toda a ac\u00e7\u00e3o governativa da FRELIMO.<\/p>\n\n\n\n<p>&#8220;A mulher est\u00e1 em todas as frentes de desenvolvimento do nosso pa\u00eds e da prov\u00edncia. Hoje, \u00e9 normal termos uma Primeira-ministra que \u00e9 mulher; uma Presidente da Assembleia da Rep\u00fablica que \u00e9 mulher; ent\u00e3o, amanh\u00e3, ser\u00e1 normal termos uma mulher como Presidente da Rep\u00fablica, porque a mulher tem for\u00e7a e representa a maior parte do povo mo\u00e7ambicano&#8221; &#8211; reconheceu, enfatizando que a FRELIMO valoriza esta capacidade da mulher, at\u00e9 porque compreende o seu papel na sociedade, desde os tempos da Luta de Liberta\u00e7\u00e3o Nacional.<\/p>\n\n\n\n<p>O Secret\u00e1rio-Geral da FRELIMO terminou a sua locu\u00e7\u00e3o felicitando a todas as mulheres pela passagem de mais um anivers\u00e1rio da OMM, bem como reafirmou que o Partido, sob a lideran\u00e7a do <em>Presidente Daniel Francisco Chapo<\/em>, tudo far\u00e1 para continuar a valorizar a Mulher Mo\u00e7ambicana, priorizando-a nos diferentes sectores, com destaque para a sa\u00fade e educa\u00e7\u00e3o.<\/p>\n","protected":false},"excerpt":{"rendered":"<p>A Organiza\u00e7\u00e3o da Mulher Mo\u00e7ambicana (OMM) celebra, neste domingo, 16 de Mar\u00e7o, mais um anivers\u00e1rio da sua cria\u00e7\u00e3o, uma efem\u00e9ride que o Secret\u00e1rio-Geral da FRELIMO, Chakil Aboobacar, n\u00e3o deixou passar despercebida, aproveitando para reconhecer e enaltecer o contributo que as mulheres d\u00e3o para a constru\u00e7\u00e3o de um Mo\u00e7ambique cada vez melhor. Chakil Aboobacar juntou-se \u00e0 &hellip;<\/p>\n","protected":false},"author":2,"featured_media":5074,"comment_status":"closed","ping_status":"open","sticky":false,"template":"","format":"standard","meta":{"_jetpack_memberships_contains_paid_content":false,"footnotes":""},"categories":[7],"tags":[],"class_list":["post-5073","post","type-post","status-publish","format-standard","has-post-thumbnail","hentry","category-destaques"],"jetpack_featured_media_url":"https:\/\/www.frelimo.org.mz\/wp-content\/uploads\/2025\/03\/FB_IMG_1742219337514.jpg","jetpack_sharing_enabled":true,"_links":{"self":[{"href":"https:\/\/www.frelimo.org.mz\/index.php?rest_route=\/wp\/v2\/posts\/5073","targetHints":{"allow":["GET"]}}],"collection":[{"href":"https:\/\/www.frelimo.org.mz\/index.php?rest_route=\/wp\/v2\/posts"}],"about":[{"href":"https:\/\/www.frelimo.org.mz\/index.php?rest_route=\/wp\/v2\/types\/post"}],"author":[{"embeddable":true,"href":"https:\/\/www.frelimo.org.mz\/index.php?rest_route=\/wp\/v2\/users\/2"}],"replies":[{"embeddable":true,"href":"https:\/\/www.frelimo.org.mz\/index.php?rest_route=%2Fwp%2Fv2%2Fcomments&post=5073"}],"version-history":[{"count":0,"href":"https:\/\/www.frelimo.org.mz\/index.php?rest_route=\/wp\/v2\/posts\/5073\/revisions"}],"wp:featuredmedia":[{"embeddable":true,"href":"https:\/\/www.frelimo.org.mz\/index.php?rest_route=\/wp\/v2\/media\/5074"}],"wp:attachment":[{"href":"https:\/\/www.frelimo.org.mz\/index.php?rest_route=%2Fwp%2Fv2%2Fmedia&parent=5073"}],"wp:term":[{"taxonomy":"category","embeddable":true,"href":"https:\/\/www.frelimo.org.mz\/index.php?rest_route=%2Fwp%2Fv2%2Fcategories&post=5073"},{"taxonomy":"post_tag","embeddable":true,"href":"https:\/\/www.frelimo.org.mz\/index.php?rest_route=%2Fwp%2Fv2%2Ftags&post=5073"}],"curies":[{"name":"wp","href":"https:\/\/api.w.org\/{rel}","templated":true}]}}