{"id":5018,"date":"2025-02-25T22:18:50","date_gmt":"2025-02-25T20:18:50","guid":{"rendered":"https:\/\/www.frelimo.org.mz\/?p=5018"},"modified":"2025-02-25T22:18:51","modified_gmt":"2025-02-25T20:18:51","slug":"frelimo-sauda-esforcos-do-governo","status":"publish","type":"post","link":"https:\/\/www.frelimo.org.mz\/?p=5018","title":{"rendered":"FRELIMO SA\u00daDA ESFOR\u00c7OS DO GOVERNO"},"content":{"rendered":"\n<p>MELHORIA DA VIDA DA POPULA\u00c7\u00c3O<\/p>\n\n\n\n<p>O PARTIDO FRELIMO reconheceu hoje, com satisfa\u00e7\u00e3o, o engajamento e a dedica\u00e7\u00e3o do Governo na busca de solu\u00e7\u00f5es para o al\u00edvio do custo de vida e cria\u00e7\u00e3o do bem estar dos mo\u00e7ambicanos.<\/p>\n\n\n\n<p>O reconhecimento foi assumido durante um encontro virtual que o Secret\u00e1rio-Geral da Frelimo, <em>Chakil Aboobacar<\/em>, manteve esta ter\u00e7a-feira, com os primeiros secret\u00e1rios provinciais desta forma\u00e7\u00e3o pol\u00edtica.<br>A reuni\u00e3o tinha, entre outros objectivos, avaliar a situa\u00e7\u00e3o pol\u00edtica, econ\u00f3mica e social do pa\u00eds.<\/p>\n\n\n\n<p>Nesse contexto, os \u00f3rg\u00e3os do partido saudaram o Presidente Daniel Chapo por, em pouco tempo, estar a encontrar respostas acertadas para as inquieta\u00e7\u00f5es dos mo\u00e7ambicanos, com destaque para o pagamento, recentemente, do 13\u00ba sal\u00e1rio, e, nos pr\u00f3ximos tempos, as horas extraordin\u00e1rias aos funcion\u00e1rios p\u00fablicos.<\/p>\n\n\n\n<p>Na ocasi\u00e3o, o Secret\u00e1rio-Geral da Frelimo instou os \u00f3rg\u00e3os do partido a se manterem firmes e a elevarem, cada vez mais, o seu papel dirigente, refor\u00e7ando a vigil\u00e2ncia face \u00e0s ac\u00e7\u00f5es de viol\u00eancia que se registam em algumas partes do pa\u00eds, que contribuem para o agravamento do custo de vida e afecta as a\u00e7\u00f5es de desenvolvimento de Mo\u00e7ambique.<\/p>\n\n\n\n<p>No encontro, vincou, igualmente, o repudiou \u00e0 destrui\u00e7\u00e3o e vandaliza\u00e7\u00e3o das sedes do partido, a diversos n\u00edveis, e de v\u00e1rias infra-estruturas p\u00fablicas e privadas.<\/p>\n","protected":false},"excerpt":{"rendered":"<p>MELHORIA DA VIDA DA POPULA\u00c7\u00c3O O PARTIDO FRELIMO reconheceu hoje, com satisfa\u00e7\u00e3o, o engajamento e a dedica\u00e7\u00e3o do Governo na busca de solu\u00e7\u00f5es para o al\u00edvio do custo de vida e cria\u00e7\u00e3o do bem estar dos mo\u00e7ambicanos. O reconhecimento foi assumido durante um encontro virtual que o Secret\u00e1rio-Geral da Frelimo, Chakil Aboobacar, manteve esta ter\u00e7a-feira, &hellip;<\/p>\n","protected":false},"author":2,"featured_media":5020,"comment_status":"closed","ping_status":"open","sticky":false,"template":"","format":"standard","meta":{"_jetpack_memberships_contains_paid_content":false,"footnotes":""},"categories":[7],"tags":[],"class_list":["post-5018","post","type-post","status-publish","format-standard","has-post-thumbnail","hentry","category-destaques"],"jetpack_featured_media_url":"https:\/\/www.frelimo.org.mz\/wp-content\/uploads\/2025\/02\/IMG-20250225-WA0143.jpg","jetpack_sharing_enabled":true,"_links":{"self":[{"href":"https:\/\/www.frelimo.org.mz\/index.php?rest_route=\/wp\/v2\/posts\/5018","targetHints":{"allow":["GET"]}}],"collection":[{"href":"https:\/\/www.frelimo.org.mz\/index.php?rest_route=\/wp\/v2\/posts"}],"about":[{"href":"https:\/\/www.frelimo.org.mz\/index.php?rest_route=\/wp\/v2\/types\/post"}],"author":[{"embeddable":true,"href":"https:\/\/www.frelimo.org.mz\/index.php?rest_route=\/wp\/v2\/users\/2"}],"replies":[{"embeddable":true,"href":"https:\/\/www.frelimo.org.mz\/index.php?rest_route=%2Fwp%2Fv2%2Fcomments&post=5018"}],"version-history":[{"count":0,"href":"https:\/\/www.frelimo.org.mz\/index.php?rest_route=\/wp\/v2\/posts\/5018\/revisions"}],"wp:featuredmedia":[{"embeddable":true,"href":"https:\/\/www.frelimo.org.mz\/index.php?rest_route=\/wp\/v2\/media\/5020"}],"wp:attachment":[{"href":"https:\/\/www.frelimo.org.mz\/index.php?rest_route=%2Fwp%2Fv2%2Fmedia&parent=5018"}],"wp:term":[{"taxonomy":"category","embeddable":true,"href":"https:\/\/www.frelimo.org.mz\/index.php?rest_route=%2Fwp%2Fv2%2Fcategories&post=5018"},{"taxonomy":"post_tag","embeddable":true,"href":"https:\/\/www.frelimo.org.mz\/index.php?rest_route=%2Fwp%2Fv2%2Ftags&post=5018"}],"curies":[{"name":"wp","href":"https:\/\/api.w.org\/{rel}","templated":true}]}}