{"id":4976,"date":"2025-02-12T05:53:58","date_gmt":"2025-02-12T03:53:58","guid":{"rendered":"https:\/\/www.frelimo.org.mz\/?p=4976"},"modified":"2025-02-12T05:54:00","modified_gmt":"2025-02-12T03:54:00","slug":"amelia-muendane-destaca-que-visao-do-presidente-chapo-vai-dinamizar-desenvolvimento-de-mocambique","status":"publish","type":"post","link":"https:\/\/www.frelimo.org.mz\/?p=4976","title":{"rendered":"AM\u00c9LIA MUENDANE DESTACA QUE VIS\u00c3O DO PRESIDENTE CHAPO VAI DINAMIZAR DESENVOLVIMENTO DE MO\u00c7AMBIQUE"},"content":{"rendered":"\n<p>INDEPEND\u00caNCIA ECON\u00d4MICA DE MO\u00c7AMBIQUE<\/p>\n\n\n\n<p><\/p>\n\n\n\n<p>A Membro da Comiss\u00e3o Pol\u00edtica e Chefe da Brigada Central de Assist\u00eancia \u00e0 Prov\u00edncia de Cabo Delgado destaca que a aposta do Presidente Daniel Chapo ao definir a independ\u00eancia econ\u00f3mica como uma das maiores prioridades do seu governo visa garantir um bem-estar para todos os mo\u00e7ambicanos.<\/p>\n\n\n\n<p>Para Muendane todos os mo\u00e7ambicanos s\u00e3o chamados a canalizar todas as for\u00e7as dispon\u00edveis para a constru\u00e7\u00e3o de um Mo\u00e7ambique cada vez mais harmonioso, de estabilidade pol\u00edtica, econ\u00f3mica e social, e capaz de oferecer iguais oportunidades a todos os mo\u00e7ambicanos independente da sua filia\u00e7\u00e3o pol\u00edtica, e \u00e9tnico.<\/p>\n\n\n\n<p>Num outro desenvolvimento, a membro da Comiss\u00e3o Pol\u00edtica denunciou vozes que pretendem desestabilizar o pa\u00eds e defendeu que o poder administrativo em Mo\u00e7ambique \u00e9 \u00fanico institu\u00eddo pela Constitui\u00e7\u00e3o da Rep\u00fablica devendo ser respeitado por todos. Entretanto, as a\u00e7\u00f5es n\u00e3o legais que visam dividir os mo\u00e7ambicanos devem ser rejeitadas.<\/p>\n","protected":false},"excerpt":{"rendered":"<p>INDEPEND\u00caNCIA ECON\u00d4MICA DE MO\u00c7AMBIQUE A Membro da Comiss\u00e3o Pol\u00edtica e Chefe da Brigada Central de Assist\u00eancia \u00e0 Prov\u00edncia de Cabo Delgado destaca que a aposta do Presidente Daniel Chapo ao definir a independ\u00eancia econ\u00f3mica como uma das maiores prioridades do seu governo visa garantir um bem-estar para todos os mo\u00e7ambicanos. Para Muendane todos os mo\u00e7ambicanos &hellip;<\/p>\n","protected":false},"author":2,"featured_media":4977,"comment_status":"closed","ping_status":"open","sticky":false,"template":"","format":"standard","meta":{"_jetpack_memberships_contains_paid_content":false,"footnotes":""},"categories":[7],"tags":[],"class_list":["post-4976","post","type-post","status-publish","format-standard","has-post-thumbnail","hentry","category-destaques"],"jetpack_featured_media_url":"https:\/\/www.frelimo.org.mz\/wp-content\/uploads\/2025\/02\/FB_IMG_1739332294364.jpg","jetpack_sharing_enabled":true,"_links":{"self":[{"href":"https:\/\/www.frelimo.org.mz\/index.php?rest_route=\/wp\/v2\/posts\/4976","targetHints":{"allow":["GET"]}}],"collection":[{"href":"https:\/\/www.frelimo.org.mz\/index.php?rest_route=\/wp\/v2\/posts"}],"about":[{"href":"https:\/\/www.frelimo.org.mz\/index.php?rest_route=\/wp\/v2\/types\/post"}],"author":[{"embeddable":true,"href":"https:\/\/www.frelimo.org.mz\/index.php?rest_route=\/wp\/v2\/users\/2"}],"replies":[{"embeddable":true,"href":"https:\/\/www.frelimo.org.mz\/index.php?rest_route=%2Fwp%2Fv2%2Fcomments&post=4976"}],"version-history":[{"count":1,"href":"https:\/\/www.frelimo.org.mz\/index.php?rest_route=\/wp\/v2\/posts\/4976\/revisions"}],"predecessor-version":[{"id":4978,"href":"https:\/\/www.frelimo.org.mz\/index.php?rest_route=\/wp\/v2\/posts\/4976\/revisions\/4978"}],"wp:featuredmedia":[{"embeddable":true,"href":"https:\/\/www.frelimo.org.mz\/index.php?rest_route=\/wp\/v2\/media\/4977"}],"wp:attachment":[{"href":"https:\/\/www.frelimo.org.mz\/index.php?rest_route=%2Fwp%2Fv2%2Fmedia&parent=4976"}],"wp:term":[{"taxonomy":"category","embeddable":true,"href":"https:\/\/www.frelimo.org.mz\/index.php?rest_route=%2Fwp%2Fv2%2Fcategories&post=4976"},{"taxonomy":"post_tag","embeddable":true,"href":"https:\/\/www.frelimo.org.mz\/index.php?rest_route=%2Fwp%2Fv2%2Ftags&post=4976"}],"curies":[{"name":"wp","href":"https:\/\/api.w.org\/{rel}","templated":true}]}}