{"id":4885,"date":"2024-12-19T18:04:50","date_gmt":"2024-12-19T16:04:50","guid":{"rendered":"https:\/\/www.frelimo.org.mz\/?p=4885"},"modified":"2024-12-19T18:04:51","modified_gmt":"2024-12-19T16:04:51","slug":"presidente-da-republica-profere-uma-comunicacao-a-nacao-2","status":"publish","type":"post","link":"https:\/\/www.frelimo.org.mz\/?p=4885","title":{"rendered":"PRESIDENTE DA REP\u00daBLICA PROFERE UMA COMUNICA\u00c7\u00c3O \u00c0 NA\u00c7\u00c3O"},"content":{"rendered":"\n<p> Presidente da Rep\u00fablica, Filipe Jacinto Nyusi, profere hoje, dia19 de Dezembro de 2024, pelas 19:00 horas, a partir do Gabinete da Presid\u00eancia da Rep\u00fablica, uma Comunica\u00e7\u00e3o \u00e0 Na\u00e7\u00e3o por ocasi\u00e3o do Dia da Fam\u00edlia, do Natal e do Fim do Ano.<\/p>\n","protected":false},"excerpt":{"rendered":"<p>Presidente da Rep\u00fablica, Filipe Jacinto Nyusi, profere hoje, dia19 de Dezembro de 2024, pelas 19:00 horas, a partir do Gabinete da Presid\u00eancia da Rep\u00fablica, uma Comunica\u00e7\u00e3o \u00e0 Na\u00e7\u00e3o por ocasi\u00e3o do Dia da Fam\u00edlia, do Natal e do Fim do Ano.<\/p>\n","protected":false},"author":2,"featured_media":4886,"comment_status":"closed","ping_status":"open","sticky":false,"template":"","format":"standard","meta":{"_jetpack_memberships_contains_paid_content":false,"footnotes":""},"categories":[7],"tags":[],"class_list":["post-4885","post","type-post","status-publish","format-standard","has-post-thumbnail","hentry","category-destaques"],"jetpack_featured_media_url":"https:\/\/www.frelimo.org.mz\/wp-content\/uploads\/2024\/12\/FB_IMG_1734624229370.jpg","jetpack_sharing_enabled":true,"_links":{"self":[{"href":"https:\/\/www.frelimo.org.mz\/index.php?rest_route=\/wp\/v2\/posts\/4885","targetHints":{"allow":["GET"]}}],"collection":[{"href":"https:\/\/www.frelimo.org.mz\/index.php?rest_route=\/wp\/v2\/posts"}],"about":[{"href":"https:\/\/www.frelimo.org.mz\/index.php?rest_route=\/wp\/v2\/types\/post"}],"author":[{"embeddable":true,"href":"https:\/\/www.frelimo.org.mz\/index.php?rest_route=\/wp\/v2\/users\/2"}],"replies":[{"embeddable":true,"href":"https:\/\/www.frelimo.org.mz\/index.php?rest_route=%2Fwp%2Fv2%2Fcomments&post=4885"}],"version-history":[{"count":0,"href":"https:\/\/www.frelimo.org.mz\/index.php?rest_route=\/wp\/v2\/posts\/4885\/revisions"}],"wp:featuredmedia":[{"embeddable":true,"href":"https:\/\/www.frelimo.org.mz\/index.php?rest_route=\/wp\/v2\/media\/4886"}],"wp:attachment":[{"href":"https:\/\/www.frelimo.org.mz\/index.php?rest_route=%2Fwp%2Fv2%2Fmedia&parent=4885"}],"wp:term":[{"taxonomy":"category","embeddable":true,"href":"https:\/\/www.frelimo.org.mz\/index.php?rest_route=%2Fwp%2Fv2%2Fcategories&post=4885"},{"taxonomy":"post_tag","embeddable":true,"href":"https:\/\/www.frelimo.org.mz\/index.php?rest_route=%2Fwp%2Fv2%2Ftags&post=4885"}],"curies":[{"name":"wp","href":"https:\/\/api.w.org\/{rel}","templated":true}]}}