{"id":4865,"date":"2024-11-25T03:54:34","date_gmt":"2024-11-25T01:54:34","guid":{"rendered":"https:\/\/www.frelimo.org.mz\/?p=4865"},"modified":"2024-11-27T03:57:55","modified_gmt":"2024-11-27T01:57:55","slug":"mensagem-da-frelimo-pelo-falecimento-do-camarada-fernando-francisco-faustino-membro-da-comissao-politica-e-secretario-geralda-aclln","status":"publish","type":"post","link":"https:\/\/www.frelimo.org.mz\/?p=4865","title":{"rendered":"MENSAGEM DA FRELIMO PELO FALECIMENTO DO CAMARADA FERNANDO FRANCISCO FAUSTINO, MEMBRO DA COMISS\u00c3O POL\u00cdTICA E SECRET\u00c1RIO GERALDA ACLLN"},"content":{"rendered":"\n<p><\/p>\n\n\n\n<p>Foi com grande m\u00e1goa e consterna\u00e7\u00e3o que a FRELIMO tomou conhecimento do falecimento do Camarada Fernando Francisco Faustino, na \u00c1frica do Sul, v\u00edtima de doen\u00e7a.<\/p>\n\n\n\n<p>A FRELIMO enaltece as m\u00faltiplas virtudes do Camarada Fernando Francisco Faustino que, muito cedo, e em plena Juventude engajou-se na Luta de Liberta\u00e7\u00e3o Nacional.<\/p>\n\n\n\n<p>Foi na FRELIMO e durante a guerra de liberta\u00e7\u00e3o de Mo\u00e7ambique do jugo colonial portugu\u00eas que, o camarada Fernando Faustino demonstrou as suas qualidades de lideran\u00e7a e vis\u00e3o clara sobre os objectivos que conduziram a Independ\u00eancia de Mo\u00e7ambique.<\/p>\n\n\n\n<p>Pessoa de convic\u00e7\u00f5es inabal\u00e1veis, o camarada Fernando Faustino, apresentou-se sempre como militante \u00edntegro, vertical, contribuindo de forma viva e did\u00e1ctica na coes\u00e3o da Fam\u00edlia FRELIMO.<\/p>\n\n\n\n<p>O camarada Fernando Faustino dedicou-se com fervor e amor \u00e0 P\u00e1tria mo\u00e7ambicana!<\/p>\n\n\n\n<p>A FRELIMO reconhece que o camarada Fernando Francisco Faustino foi merecedor de uma elevada confian\u00e7a dos combatentes da Luta de Liberta\u00e7\u00e3o Nacional, ACLLN, tornando-se deste modo Secret\u00e1rio Geral da Agremia\u00e7\u00e3o.<\/p>\n\n\n\n<p>O camarada Fernando Faustino liderou a ACLLN com determina\u00e7\u00e3o e coragem.<\/p>\n\n\n\n<p>Grande mobilizador e membro destemido da FRELIMO, o camarada Fernando Faustino foi eleito Membro da Comiss\u00e3o Pol\u00edtica, no 12\u00ba Congresso da FRELIMO, realizado na Matola, Prov\u00edncia de Maputo, em Setembro de 2022.<\/p>\n\n\n\n<p>A FRELIMO solidariza-se com a fam\u00edlia do camarada Fernando Faustino, com os combatentes da Luta de Liberta\u00e7\u00e3o Nacional, com ACLLN e endere\u00e7a as mais sentidas condol\u00eancias.<\/p>\n\n\n\n<p>At\u00e9 sempre camarada Fernando Francisco Faustino.<\/p>\n\n\n\n<p>60 ANOS CONSOLIDANDO A UNIDADE NACIONAL,<br>PROMOVENDO A PAZ E DESENVOLVIMENTO<br>FRELIMO, A FOR\u00c7A DA MUDAN\u00c7A!<\/p>\n\n\n\n<p>Maputo, 25 de Novembro de 2024<\/p>\n","protected":false},"excerpt":{"rendered":"<p>Foi com grande m\u00e1goa e consterna\u00e7\u00e3o que a FRELIMO tomou conhecimento do falecimento do Camarada Fernando Francisco Faustino, na \u00c1frica do Sul, v\u00edtima de doen\u00e7a. A FRELIMO enaltece as m\u00faltiplas virtudes do Camarada Fernando Francisco Faustino que, muito cedo, e em plena Juventude engajou-se na Luta de Liberta\u00e7\u00e3o Nacional. Foi na FRELIMO e durante a &hellip;<\/p>\n","protected":false},"author":2,"featured_media":4866,"comment_status":"closed","ping_status":"open","sticky":false,"template":"","format":"standard","meta":{"_jetpack_memberships_contains_paid_content":false,"footnotes":""},"categories":[4],"tags":[],"class_list":["post-4865","post","type-post","status-publish","format-standard","has-post-thumbnail","hentry","category-outras"],"jetpack_featured_media_url":"https:\/\/www.frelimo.org.mz\/wp-content\/uploads\/2024\/11\/FB_IMG_1732672404911.jpg","jetpack_sharing_enabled":true,"_links":{"self":[{"href":"https:\/\/www.frelimo.org.mz\/index.php?rest_route=\/wp\/v2\/posts\/4865","targetHints":{"allow":["GET"]}}],"collection":[{"href":"https:\/\/www.frelimo.org.mz\/index.php?rest_route=\/wp\/v2\/posts"}],"about":[{"href":"https:\/\/www.frelimo.org.mz\/index.php?rest_route=\/wp\/v2\/types\/post"}],"author":[{"embeddable":true,"href":"https:\/\/www.frelimo.org.mz\/index.php?rest_route=\/wp\/v2\/users\/2"}],"replies":[{"embeddable":true,"href":"https:\/\/www.frelimo.org.mz\/index.php?rest_route=%2Fwp%2Fv2%2Fcomments&post=4865"}],"version-history":[{"count":0,"href":"https:\/\/www.frelimo.org.mz\/index.php?rest_route=\/wp\/v2\/posts\/4865\/revisions"}],"wp:featuredmedia":[{"embeddable":true,"href":"https:\/\/www.frelimo.org.mz\/index.php?rest_route=\/wp\/v2\/media\/4866"}],"wp:attachment":[{"href":"https:\/\/www.frelimo.org.mz\/index.php?rest_route=%2Fwp%2Fv2%2Fmedia&parent=4865"}],"wp:term":[{"taxonomy":"category","embeddable":true,"href":"https:\/\/www.frelimo.org.mz\/index.php?rest_route=%2Fwp%2Fv2%2Fcategories&post=4865"},{"taxonomy":"post_tag","embeddable":true,"href":"https:\/\/www.frelimo.org.mz\/index.php?rest_route=%2Fwp%2Fv2%2Ftags&post=4865"}],"curies":[{"name":"wp","href":"https:\/\/api.w.org\/{rel}","templated":true}]}}