{"id":4840,"date":"2024-11-19T20:07:26","date_gmt":"2024-11-19T18:07:26","guid":{"rendered":"https:\/\/www.frelimo.org.mz\/?p=4840"},"modified":"2024-11-19T20:07:27","modified_gmt":"2024-11-19T18:07:27","slug":"cuba-e-libia-felicitam-daniel-chapo-pela-eleicao","status":"publish","type":"post","link":"https:\/\/www.frelimo.org.mz\/?p=4840","title":{"rendered":"Cuba e L\u00edbia felicitam Daniel Chapo pela elei\u00e7\u00e3o"},"content":{"rendered":"\n<p>O embaixador da Cuba em Mo\u00e7ambique, Jorge Lopez, apresentou hoje uma mensagem de felicita\u00e7\u00f5es do Presidente cubano, Miguel Diaz-Canel, a Daniel Chapo, pela sua elei\u00e7\u00e3o a Presidente da Rep\u00fablica nas elei\u00e7\u00f5es de outubro \u00faltimo.<\/p>\n\n\n\n<p>Segundo a mensagem apresentada por Jorge Lopez, a elei\u00e7\u00e3o de Daniel Chapo \u00e9 uma prova inequ\u00edvoca do apoio do povo \u00e0 Frelimo e ao seu candidato. A mensagem aponta ainda que esta vit\u00f3ria tem igualmente um forte significado para o Partido Comunista Cubano que tem rela\u00e7\u00f5es de amizade e coopera\u00e7\u00e3o com a Frelimo e com Mo\u00e7ambique.<\/p>\n\n\n\n<p>O embaixador cubano assegurou que o seu pa\u00eds tem interesse em continuar a cooperar com Mo\u00e7ambique na educa\u00e7\u00e3o, desporto, tecnologia e na \u00e1rea da sa\u00fade. Jorge Lopez, fazia-se acompanhar por Henry Lopez, Presidente da Coopera\u00e7\u00e3o M\u00e9dica Cubana que reiterou o compromisso da sua agremia\u00e7\u00e3o para com a solidariedade m\u00e9dica em Mo\u00e7ambique.<\/p>\n\n\n\n<p>Por seu turno o Presidente eleito, Daniel Chapo, agradeceu a longa e hist\u00f3rica amizade com Cuba, lembrando que foi naquele pa\u00eds onde foram formados jovens da Gera\u00e7\u00e3o 8 de Mar\u00e7o, que serviram em v\u00e1rias frentes do desenvolvimento do pa\u00eds logo ap\u00f3s a independ\u00eancia nacional.<\/p>\n\n\n\n<p>Daniel Chapo enalteceu igualmente a presen\u00e7a de m\u00e9dicos cubanos no pa\u00eds, que tem dado suporte ao Sistema Nacional de Sa\u00fade para o tratamento de v\u00e1rias enfermidades. Reiterou o desejo de consolidar as rela\u00e7\u00f5es de coopera\u00e7\u00e3o e amizade com Cuba, um pa\u00eds irm\u00e3o que sempre trabalhou lado a lado com Mo\u00e7ambique.<\/p>\n\n\n\n<p>Daniel Chapo recebeu igualmente felicita\u00e7\u00f5es da L\u00edbia, atrav\u00e9s do seu Embaixador em Mo\u00e7ambique, Saleh Elbuaishi, que reiterou o compromisso do seu pa\u00eds para o desenvolvimento de Mo\u00e7ambique.<\/p>\n\n\n\n<p>O embaixador l\u00edbio disse que o seu pa\u00eds tem interesse em retomar projectos estrat\u00e9gicos de desenvolvimento econ\u00f3mico e social em Mo\u00e7ambique, com destaque para produ\u00e7\u00e3o de arroz.<\/p>\n\n\n\n<p>Daniel Chapo agradeceu o gesto do governo l\u00edbio e disse ser sua prioridade a dinamiza\u00e7\u00e3o das rela\u00e7\u00f5es de amizade e coopera\u00e7\u00e3o com aquele pa\u00eds, que tem projectos concretos para Mo\u00e7ambique na \u00e1rea agr\u00edcola, e n\u00e3o s\u00f3.<\/p>\n","protected":false},"excerpt":{"rendered":"<p>O embaixador da Cuba em Mo\u00e7ambique, Jorge Lopez, apresentou hoje uma mensagem de felicita\u00e7\u00f5es do Presidente cubano, Miguel Diaz-Canel, a Daniel Chapo, pela sua elei\u00e7\u00e3o a Presidente da Rep\u00fablica nas elei\u00e7\u00f5es de outubro \u00faltimo. Segundo a mensagem apresentada por Jorge Lopez, a elei\u00e7\u00e3o de Daniel Chapo \u00e9 uma prova inequ\u00edvoca do apoio do povo \u00e0 &hellip;<\/p>\n","protected":false},"author":1,"featured_media":4841,"comment_status":"closed","ping_status":"open","sticky":false,"template":"","format":"standard","meta":{"_jetpack_memberships_contains_paid_content":false,"footnotes":""},"categories":[7],"tags":[],"class_list":["post-4840","post","type-post","status-publish","format-standard","has-post-thumbnail","hentry","category-destaques"],"jetpack_featured_media_url":"https:\/\/www.frelimo.org.mz\/wp-content\/uploads\/2024\/11\/cuba_e_libia_felicita_chapo.jpeg","jetpack_sharing_enabled":true,"_links":{"self":[{"href":"https:\/\/www.frelimo.org.mz\/index.php?rest_route=\/wp\/v2\/posts\/4840","targetHints":{"allow":["GET"]}}],"collection":[{"href":"https:\/\/www.frelimo.org.mz\/index.php?rest_route=\/wp\/v2\/posts"}],"about":[{"href":"https:\/\/www.frelimo.org.mz\/index.php?rest_route=\/wp\/v2\/types\/post"}],"author":[{"embeddable":true,"href":"https:\/\/www.frelimo.org.mz\/index.php?rest_route=\/wp\/v2\/users\/1"}],"replies":[{"embeddable":true,"href":"https:\/\/www.frelimo.org.mz\/index.php?rest_route=%2Fwp%2Fv2%2Fcomments&post=4840"}],"version-history":[{"count":0,"href":"https:\/\/www.frelimo.org.mz\/index.php?rest_route=\/wp\/v2\/posts\/4840\/revisions"}],"wp:featuredmedia":[{"embeddable":true,"href":"https:\/\/www.frelimo.org.mz\/index.php?rest_route=\/wp\/v2\/media\/4841"}],"wp:attachment":[{"href":"https:\/\/www.frelimo.org.mz\/index.php?rest_route=%2Fwp%2Fv2%2Fmedia&parent=4840"}],"wp:term":[{"taxonomy":"category","embeddable":true,"href":"https:\/\/www.frelimo.org.mz\/index.php?rest_route=%2Fwp%2Fv2%2Fcategories&post=4840"},{"taxonomy":"post_tag","embeddable":true,"href":"https:\/\/www.frelimo.org.mz\/index.php?rest_route=%2Fwp%2Fv2%2Ftags&post=4840"}],"curies":[{"name":"wp","href":"https:\/\/api.w.org\/{rel}","templated":true}]}}