{"id":4826,"date":"2024-10-06T17:09:00","date_gmt":"2024-10-06T15:09:00","guid":{"rendered":"https:\/\/www.frelimo.org.mz\/?p=4826"},"modified":"2024-10-06T20:11:20","modified_gmt":"2024-10-06T18:11:20","slug":"convidamos-a-todos-os-mocambicanos-do-norte-ao-sul-para-acompanhar-a-live-do-showmicio-de-encerramento-da-campanha-eleitoral-na-pagina-do-facebook-frelimo","status":"publish","type":"post","link":"https:\/\/www.frelimo.org.mz\/?p=4826","title":{"rendered":"Convidamos a todos os mo\u00e7ambicanos, do Norte ao Sul, para acompanhar a Live do Showmicio de encerramento da campanha eleitoral na p\u00e1gina do Facebook: Frelimo"},"content":{"rendered":"\n<p>De onde estiver, conecte-se \u00e0s boas vibra\u00e7\u00f5es e sinta os ventos de mudan\u00e7a que est\u00e3o por vir com a Frelimo e Daniel Chapo.Vamos juntos fazer a festa e n\u00e3o se esque\u00e7a de, no dia 09 de Outubro, confirmar a tua escolha na posi\u00e7\u00e3o n\u00famero 2, do Boletim de Voto.#Mo\u00e7ambiqueParaFrente #VamosTrabalhar #VotaFrelimo #VotaChapoPresidente #DanielChapo<\/p>\n","protected":false},"excerpt":{"rendered":"<p>De onde estiver, conecte-se \u00e0s boas vibra\u00e7\u00f5es e sinta os ventos de mudan\u00e7a que est\u00e3o por vir com a Frelimo e Daniel Chapo.Vamos juntos fazer a festa e n\u00e3o se esque\u00e7a de, no dia 09 de Outubro, confirmar a tua escolha na posi\u00e7\u00e3o n\u00famero 2, do Boletim de Voto.#Mo\u00e7ambiqueParaFrente #VamosTrabalhar #VotaFrelimo #VotaChapoPresidente #DanielChapo<\/p>\n","protected":false},"author":2,"featured_media":4827,"comment_status":"closed","ping_status":"open","sticky":false,"template":"","format":"standard","meta":{"_jetpack_memberships_contains_paid_content":false,"footnotes":""},"categories":[5],"tags":[],"class_list":["post-4826","post","type-post","status-publish","format-standard","has-post-thumbnail","hentry","category-noticias"],"jetpack_featured_media_url":"https:\/\/www.frelimo.org.mz\/wp-content\/uploads\/2024\/10\/FB_IMG_1728238044890.jpg","jetpack_sharing_enabled":true,"_links":{"self":[{"href":"https:\/\/www.frelimo.org.mz\/index.php?rest_route=\/wp\/v2\/posts\/4826","targetHints":{"allow":["GET"]}}],"collection":[{"href":"https:\/\/www.frelimo.org.mz\/index.php?rest_route=\/wp\/v2\/posts"}],"about":[{"href":"https:\/\/www.frelimo.org.mz\/index.php?rest_route=\/wp\/v2\/types\/post"}],"author":[{"embeddable":true,"href":"https:\/\/www.frelimo.org.mz\/index.php?rest_route=\/wp\/v2\/users\/2"}],"replies":[{"embeddable":true,"href":"https:\/\/www.frelimo.org.mz\/index.php?rest_route=%2Fwp%2Fv2%2Fcomments&post=4826"}],"version-history":[{"count":0,"href":"https:\/\/www.frelimo.org.mz\/index.php?rest_route=\/wp\/v2\/posts\/4826\/revisions"}],"wp:featuredmedia":[{"embeddable":true,"href":"https:\/\/www.frelimo.org.mz\/index.php?rest_route=\/wp\/v2\/media\/4827"}],"wp:attachment":[{"href":"https:\/\/www.frelimo.org.mz\/index.php?rest_route=%2Fwp%2Fv2%2Fmedia&parent=4826"}],"wp:term":[{"taxonomy":"category","embeddable":true,"href":"https:\/\/www.frelimo.org.mz\/index.php?rest_route=%2Fwp%2Fv2%2Fcategories&post=4826"},{"taxonomy":"post_tag","embeddable":true,"href":"https:\/\/www.frelimo.org.mz\/index.php?rest_route=%2Fwp%2Fv2%2Ftags&post=4826"}],"curies":[{"name":"wp","href":"https:\/\/api.w.org\/{rel}","templated":true}]}}