{"id":4770,"date":"2024-09-30T20:30:37","date_gmt":"2024-09-30T18:30:37","guid":{"rendered":"https:\/\/www.frelimo.org.mz\/?p=4770"},"modified":"2024-10-02T07:57:03","modified_gmt":"2024-10-02T05:57:03","slug":"nossa-visao-para-frente-e-de-unidos-todos-trabalharmos-para-levar-mocambique-para-a-frente","status":"publish","type":"post","link":"https:\/\/www.frelimo.org.mz\/?p=4770","title":{"rendered":"nossa vis\u00e3o para frente \u00e9 de unidos todos trabalharmos para levar Mo\u00e7ambique para a frente"},"content":{"rendered":"\n<p>A nossa estadia em Cabo Delgado tem nos ensinado muito sobre a dedica\u00e7\u00e3o e capacidade de saber ouvir para juntos liderarmos o progresso desta Prov\u00edncia e de Mo\u00e7ambique. Estamos a anotar as preocupa\u00e7\u00f5es, e os conselhos, porque acima de tudo acreditamos em solu\u00e7\u00f5es locais para os problemas locais.<\/p>\n\n\n\n<p>Vamos trabalhar! &#x1faf6;&#x1f3ff;<\/p>\n\n\n\n<h1 class=\"wp-block-heading\">Mo\u00e7ambiqueParaFrente #VamosTrabalhar #VotaFrelimo #VotaChapoPresidente #DanielChapo<\/h1>\n","protected":false},"excerpt":{"rendered":"<p>A nossa estadia em Cabo Delgado tem nos ensinado muito sobre a dedica\u00e7\u00e3o e capacidade de saber ouvir para juntos liderarmos o progresso desta Prov\u00edncia e de Mo\u00e7ambique. Estamos a anotar as preocupa\u00e7\u00f5es, e os conselhos, porque acima de tudo acreditamos em solu\u00e7\u00f5es locais para os problemas locais. Vamos trabalhar! &#x1faf6;&#x1f3ff; Mo\u00e7ambiqueParaFrente #VamosTrabalhar #VotaFrelimo #VotaChapoPresidente &hellip;<\/p>\n","protected":false},"author":2,"featured_media":4771,"comment_status":"closed","ping_status":"open","sticky":false,"template":"","format":"standard","meta":{"_jetpack_memberships_contains_paid_content":false,"footnotes":""},"categories":[5,4],"tags":[],"class_list":["post-4770","post","type-post","status-publish","format-standard","has-post-thumbnail","hentry","category-noticias","category-outras"],"jetpack_featured_media_url":"https:\/\/www.frelimo.org.mz\/wp-content\/uploads\/2024\/10\/FB_IMG_1727807512833.jpg","jetpack_sharing_enabled":true,"_links":{"self":[{"href":"https:\/\/www.frelimo.org.mz\/index.php?rest_route=\/wp\/v2\/posts\/4770","targetHints":{"allow":["GET"]}}],"collection":[{"href":"https:\/\/www.frelimo.org.mz\/index.php?rest_route=\/wp\/v2\/posts"}],"about":[{"href":"https:\/\/www.frelimo.org.mz\/index.php?rest_route=\/wp\/v2\/types\/post"}],"author":[{"embeddable":true,"href":"https:\/\/www.frelimo.org.mz\/index.php?rest_route=\/wp\/v2\/users\/2"}],"replies":[{"embeddable":true,"href":"https:\/\/www.frelimo.org.mz\/index.php?rest_route=%2Fwp%2Fv2%2Fcomments&post=4770"}],"version-history":[{"count":1,"href":"https:\/\/www.frelimo.org.mz\/index.php?rest_route=\/wp\/v2\/posts\/4770\/revisions"}],"predecessor-version":[{"id":4772,"href":"https:\/\/www.frelimo.org.mz\/index.php?rest_route=\/wp\/v2\/posts\/4770\/revisions\/4772"}],"wp:featuredmedia":[{"embeddable":true,"href":"https:\/\/www.frelimo.org.mz\/index.php?rest_route=\/wp\/v2\/media\/4771"}],"wp:attachment":[{"href":"https:\/\/www.frelimo.org.mz\/index.php?rest_route=%2Fwp%2Fv2%2Fmedia&parent=4770"}],"wp:term":[{"taxonomy":"category","embeddable":true,"href":"https:\/\/www.frelimo.org.mz\/index.php?rest_route=%2Fwp%2Fv2%2Fcategories&post=4770"},{"taxonomy":"post_tag","embeddable":true,"href":"https:\/\/www.frelimo.org.mz\/index.php?rest_route=%2Fwp%2Fv2%2Ftags&post=4770"}],"curies":[{"name":"wp","href":"https:\/\/api.w.org\/{rel}","templated":true}]}}