{"id":4758,"date":"2024-09-29T20:22:46","date_gmt":"2024-09-29T18:22:46","guid":{"rendered":"https:\/\/www.frelimo.org.mz\/?p=4758"},"modified":"2024-10-02T07:55:47","modified_gmt":"2024-10-02T05:55:47","slug":"o-coracao-dos-mocambicanos-bate-forte-pela-mudanca-e-compromisso-de-levar-mocambique-para-frente","status":"publish","type":"post","link":"https:\/\/www.frelimo.org.mz\/?p=4758","title":{"rendered":"O cora\u00e7\u00e3o dos mo\u00e7ambicanos bate forte pela mudan\u00e7a e compromisso de levar Mo\u00e7ambique para frente"},"content":{"rendered":"\n<p>.<\/p>\n\n\n\n<p>Bate forte por escolher o projecto de governa\u00e7\u00e3o de Daniel Chapo e da Frelimo onde todos temos um papel a desempenhar, um rumo a seguir: trabalho e progresso!<\/p>\n\n\n\n<p>Vamos todos ser a raz\u00e3o do Mo\u00e7ambique que tanto almejamos. Vamos todos unidos levar Mo\u00e7ambique para frente.<\/p>\n\n\n\n<p>Vamos trabalhar! &#x1faf6;&#x1f3ff;<\/p>\n\n\n\n<h1 class=\"wp-block-heading\">Mo\u00e7ambiqueParaFrente #VamosTrabalhar #VotaFrelimo #VotaChapoPresidente #DanielChapo<\/h1>\n","protected":false},"excerpt":{"rendered":"<p>. Bate forte por escolher o projecto de governa\u00e7\u00e3o de Daniel Chapo e da Frelimo onde todos temos um papel a desempenhar, um rumo a seguir: trabalho e progresso! Vamos todos ser a raz\u00e3o do Mo\u00e7ambique que tanto almejamos. Vamos todos unidos levar Mo\u00e7ambique para frente. Vamos trabalhar! &#x1faf6;&#x1f3ff; Mo\u00e7ambiqueParaFrente #VamosTrabalhar #VotaFrelimo #VotaChapoPresidente #DanielChapo<\/p>\n","protected":false},"author":2,"featured_media":4759,"comment_status":"closed","ping_status":"open","sticky":false,"template":"","format":"standard","meta":{"_jetpack_memberships_contains_paid_content":false,"footnotes":""},"categories":[7,4],"tags":[],"class_list":["post-4758","post","type-post","status-publish","format-standard","has-post-thumbnail","hentry","category-destaques","category-outras"],"jetpack_featured_media_url":"https:\/\/www.frelimo.org.mz\/wp-content\/uploads\/2024\/10\/FB_IMG_1727807003159.jpg","jetpack_sharing_enabled":true,"_links":{"self":[{"href":"https:\/\/www.frelimo.org.mz\/index.php?rest_route=\/wp\/v2\/posts\/4758","targetHints":{"allow":["GET"]}}],"collection":[{"href":"https:\/\/www.frelimo.org.mz\/index.php?rest_route=\/wp\/v2\/posts"}],"about":[{"href":"https:\/\/www.frelimo.org.mz\/index.php?rest_route=\/wp\/v2\/types\/post"}],"author":[{"embeddable":true,"href":"https:\/\/www.frelimo.org.mz\/index.php?rest_route=\/wp\/v2\/users\/2"}],"replies":[{"embeddable":true,"href":"https:\/\/www.frelimo.org.mz\/index.php?rest_route=%2Fwp%2Fv2%2Fcomments&post=4758"}],"version-history":[{"count":1,"href":"https:\/\/www.frelimo.org.mz\/index.php?rest_route=\/wp\/v2\/posts\/4758\/revisions"}],"predecessor-version":[{"id":4760,"href":"https:\/\/www.frelimo.org.mz\/index.php?rest_route=\/wp\/v2\/posts\/4758\/revisions\/4760"}],"wp:featuredmedia":[{"embeddable":true,"href":"https:\/\/www.frelimo.org.mz\/index.php?rest_route=\/wp\/v2\/media\/4759"}],"wp:attachment":[{"href":"https:\/\/www.frelimo.org.mz\/index.php?rest_route=%2Fwp%2Fv2%2Fmedia&parent=4758"}],"wp:term":[{"taxonomy":"category","embeddable":true,"href":"https:\/\/www.frelimo.org.mz\/index.php?rest_route=%2Fwp%2Fv2%2Fcategories&post=4758"},{"taxonomy":"post_tag","embeddable":true,"href":"https:\/\/www.frelimo.org.mz\/index.php?rest_route=%2Fwp%2Fv2%2Ftags&post=4758"}],"curies":[{"name":"wp","href":"https:\/\/api.w.org\/{rel}","templated":true}]}}