{"id":4737,"date":"2024-09-11T23:28:46","date_gmt":"2024-09-11T21:28:46","guid":{"rendered":"https:\/\/www.frelimo.org.mz\/?p=4737"},"modified":"2024-09-11T23:28:48","modified_gmt":"2024-09-11T21:28:48","slug":"comissao-politica-comunicado-de-imprensa-64","status":"publish","type":"post","link":"https:\/\/www.frelimo.org.mz\/?p=4737","title":{"rendered":"COMISS\u00c3O POL\u00cdTICA &#8211; COMUNICADO DE IMPRENSA"},"content":{"rendered":"\n<p><\/p>\n\n\n\n<p>Sob Direc\u00e7\u00e3o do Camarada FILIPE JACINTO NYUSI, Presidente da FRELIMO e Presidente da Rep\u00fablica de Mo\u00e7ambique, teve lugar no dia 11 de Setembro de 2024, na Sede Nacional da FRELIMO, a 33\u00aa Sess\u00e3o Ordin\u00e1ria da Comiss\u00e3o Pol\u00edtica, para analisar a actual situa\u00e7\u00e3o pol\u00edtica, econ\u00f3mica e s\u00f3cio-cultural do pa\u00eds.<\/p>\n\n\n\n<ol class=\"wp-block-list\">\n<li>A Comiss\u00e3o Pol\u00edtica foi informada sobre o decurso da Campanha Eleitoral, com vista \u00e0s elei\u00e7\u00f5es Presidenciais, Legislativas e para Assembleias Prov\u00edncias de 09 de Outubro do ano em curso e faz um balan\u00e7o preliminar positivo desta corrida eleitoral, iniciada a 24 de Agosto.<\/li>\n\n\n\n<li>A Comiss\u00e3o Pol\u00edtica manifesta a sua satisfa\u00e7\u00e3o pelo rumo que a Campanha Eleitoral est\u00e1 a seguir, caracterizado por um ambiente ordeiro, pac\u00edfico e de civismo, com grande envolvimento do eleitorado, o que demonstra o n\u00edvel elevado de consci\u00eancia patri\u00f3tica e de cidadania dos cidad\u00e3os sobre a relev\u00e2ncia da democracia multipartid\u00e1ria em Mo\u00e7ambique.<\/li>\n\n\n\n<li>A Comiss\u00e3o Pol\u00edtica reconhece a participa\u00e7\u00e3o massiva e entusi\u00e1stica dos cidad\u00e3os na Campanha Eleitoral da FRELIMO e do seu Candidato Presidencial Daniel Francisco Chapo, e constata com satisfa\u00e7\u00e3o que o seu Manifesto Eleitoral est\u00e1 a ser amplamente divulgado e aceite, por corresponder \u00e0s expectativas dos mo\u00e7ambicanos.<\/li>\n\n\n\n<li>A Comiss\u00e3o Pol\u00edtica encoraja ao seu Candidato Presidencial, Daniel Francisco Chapo e a todos os militantes e simpatizantes da FRELIMO, a continuarem com a mesma forma did\u00e1tica, na mobiliza\u00e7\u00e3o do eleitorado, para que no dia 09 de Outubro vote no Manifesto Eleitoral da FRELIMO, um instrumento orientado para o desenvolvimento de Mo\u00e7ambique.<\/li>\n\n\n\n<li>A Comiss\u00e3o Pol\u00edtica sa\u00fada o Camarada FILIPE JACINTO NYUSI, Presidente da FRELIMO e Presidente da Rep\u00fablica de Mo\u00e7ambique:<\/li>\n<\/ol>\n\n\n\n<ul class=\"wp-block-list\">\n<li>Pela visita \u00e0 Rep\u00fablica Popular da China e \u00e0 Rep\u00fablica Socialista do Vietname, a convite dos seus hom\u00f3logos Xi Jinping, e To Lam, respectivamente, no \u00e2mbito do refor\u00e7o e aprofundamento das rela\u00e7\u00f5es hist\u00f3ricas de amizade, solidariedade e coopera\u00e7\u00e3o entre Mo\u00e7ambique e aqueles pa\u00edses asi\u00e1ticos.<\/li>\n\n\n\n<li>Pela Direc\u00e7\u00e3o da cerim\u00f3nia central alusiva ao 50\u00ba Anivers\u00e1rio da Assinatura dos Acordos de Lusaka, Dia da Vit\u00f3ria, assinalada a 07 de Setembro, um momento de festa e de reflex\u00e3o sobre a necessidade dos mo\u00e7ambicanos continuarem a defender a Independ\u00eancia Nacional, a Soberania e a Unidade Nacional.<\/li>\n\n\n\n<li>Pelo T\u00edtulo Doutor Honoris Causa em Rela\u00e7\u00f5es Internacionais e Diplomacia atribu\u00eddo pela Universidade do Malawi.<\/li>\n<\/ul>\n\n\n\n<ol class=\"wp-block-list\">\n<li>A Comiss\u00e3o Pol\u00edtica reitera o encorajamento as For\u00e7as de Defesa e Seguran\u00e7a, a For\u00e7a Local e do Ruanda pela sua bravura e determina\u00e7\u00e3o no combate ao terrorismo em algumas zonas da prov\u00edncia de Cabo Delgado.<\/li>\n<\/ol>\n\n\n\n<p>60 ANOS CONSOLIDANDO A UNIDADE NACIONAL,<br>PROMOVENDO A PAZ E DESENVOLVIMENTO<br>FRELIMO, A FOR\u00c7A DA MUDAN\u00c7A!<\/p>\n","protected":false},"excerpt":{"rendered":"<p>Sob Direc\u00e7\u00e3o do Camarada FILIPE JACINTO NYUSI, Presidente da FRELIMO e Presidente da Rep\u00fablica de Mo\u00e7ambique, teve lugar no dia 11 de Setembro de 2024, na Sede Nacional da FRELIMO, a 33\u00aa Sess\u00e3o Ordin\u00e1ria da Comiss\u00e3o Pol\u00edtica, para analisar a actual situa\u00e7\u00e3o pol\u00edtica, econ\u00f3mica e s\u00f3cio-cultural do pa\u00eds. A Comiss\u00e3o Pol\u00edtica foi informada sobre o &hellip;<\/p>\n","protected":false},"author":2,"featured_media":4738,"comment_status":"closed","ping_status":"open","sticky":false,"template":"","format":"standard","meta":{"_jetpack_memberships_contains_paid_content":false,"footnotes":""},"categories":[7],"tags":[],"class_list":["post-4737","post","type-post","status-publish","format-standard","has-post-thumbnail","hentry","category-destaques"],"jetpack_featured_media_url":"https:\/\/www.frelimo.org.mz\/wp-content\/uploads\/2024\/09\/FB_IMG_1726081044198.jpg","jetpack_sharing_enabled":true,"_links":{"self":[{"href":"https:\/\/www.frelimo.org.mz\/index.php?rest_route=\/wp\/v2\/posts\/4737","targetHints":{"allow":["GET"]}}],"collection":[{"href":"https:\/\/www.frelimo.org.mz\/index.php?rest_route=\/wp\/v2\/posts"}],"about":[{"href":"https:\/\/www.frelimo.org.mz\/index.php?rest_route=\/wp\/v2\/types\/post"}],"author":[{"embeddable":true,"href":"https:\/\/www.frelimo.org.mz\/index.php?rest_route=\/wp\/v2\/users\/2"}],"replies":[{"embeddable":true,"href":"https:\/\/www.frelimo.org.mz\/index.php?rest_route=%2Fwp%2Fv2%2Fcomments&post=4737"}],"version-history":[{"count":1,"href":"https:\/\/www.frelimo.org.mz\/index.php?rest_route=\/wp\/v2\/posts\/4737\/revisions"}],"predecessor-version":[{"id":4739,"href":"https:\/\/www.frelimo.org.mz\/index.php?rest_route=\/wp\/v2\/posts\/4737\/revisions\/4739"}],"wp:featuredmedia":[{"embeddable":true,"href":"https:\/\/www.frelimo.org.mz\/index.php?rest_route=\/wp\/v2\/media\/4738"}],"wp:attachment":[{"href":"https:\/\/www.frelimo.org.mz\/index.php?rest_route=%2Fwp%2Fv2%2Fmedia&parent=4737"}],"wp:term":[{"taxonomy":"category","embeddable":true,"href":"https:\/\/www.frelimo.org.mz\/index.php?rest_route=%2Fwp%2Fv2%2Fcategories&post=4737"},{"taxonomy":"post_tag","embeddable":true,"href":"https:\/\/www.frelimo.org.mz\/index.php?rest_route=%2Fwp%2Fv2%2Ftags&post=4737"}],"curies":[{"name":"wp","href":"https:\/\/api.w.org\/{rel}","templated":true}]}}