{"id":4673,"date":"2024-08-13T14:56:36","date_gmt":"2024-08-13T12:56:36","guid":{"rendered":"https:\/\/www.frelimo.org.mz\/?p=4673"},"modified":"2024-08-13T14:56:37","modified_gmt":"2024-08-13T12:56:37","slug":"secretario-geral-da-frelimo-efectua-visita-de-trabalho-a-provincia-de-sofala","status":"publish","type":"post","link":"https:\/\/www.frelimo.org.mz\/?p=4673","title":{"rendered":"Secret\u00e1rio Geral da FRELIMO efectua visita de trabalho \u00e0 Prov\u00edncia de Sofala"},"content":{"rendered":"\n<p>O Secret\u00e1rio Geral da FRELIMO, Daniel Francisco Chapo, efectua de 13 a 14 de Agosto de 2024, uma Visita de Trabalho \u00e0 Prov\u00edncia de Sofala.<br>Durante a visita, o Secret\u00e1rio-Geral da FRELIMO dever\u00e1 manter encontros com os \u00f3rg\u00e3os locais da FRELIMO, dirigir uma Sess\u00e3o Extraordin\u00e1ria do Secretariado do Comit\u00e9 Provincial alargada a outros quadros, realizar reuni\u00f5es com as Organiza\u00e7\u00f5es Sociais do Partido, diferentes segmentos da sociedade, dialogar com a popula\u00e7\u00e3o e exortar ao envolvimento activo de todos na preserva\u00e7\u00e3o da Paz, Unidade Nacional e conv\u00edvio harmonioso.<br>A visita de Daniel Chapo insere-se no quadro do acompanhamento do funcionamento dos \u00d3rg\u00e3os do Partido a todos os n\u00edveis tendo em vista as elei\u00e7\u00f5es gerais de 9 de Outubro, em cumprimento \u00e0 palavra de ordem da FRELIMO: &#8220;A vit\u00f3ria prepara-se, a vit\u00f3ria organiza-se&#8221;.<br>Nesta desloca\u00e7\u00e3o, o Secret\u00e1rio Geral da FRELIMO far-se-\u00e0 acompanhar pela Camarada Ludmila Maguni, Secret\u00e1ria do Comit\u00e9 Central Para Comunica\u00e7\u00e3o e Imagem, bem como por outros quadros do Partido.<br>60 ANOS CONSOLIDANDO A UNIDADE NACIONAL, PROMOVENDO A PAZ E DESENVOLVIMENTO.<br>FRELIMO, A FOR\u00c7A DA MUDAN\u00c7A!<\/p>\n","protected":false},"excerpt":{"rendered":"<p>O Secret\u00e1rio Geral da FRELIMO, Daniel Francisco Chapo, efectua de 13 a 14 de Agosto de 2024, uma Visita de Trabalho \u00e0 Prov\u00edncia de Sofala.Durante a visita, o Secret\u00e1rio-Geral da FRELIMO dever\u00e1 manter encontros com os \u00f3rg\u00e3os locais da FRELIMO, dirigir uma Sess\u00e3o Extraordin\u00e1ria do Secretariado do Comit\u00e9 Provincial alargada a outros quadros, realizar reuni\u00f5es &hellip;<\/p>\n","protected":false},"author":4,"featured_media":4674,"comment_status":"closed","ping_status":"open","sticky":false,"template":"","format":"standard","meta":{"_jetpack_memberships_contains_paid_content":false,"footnotes":""},"categories":[7],"tags":[],"class_list":["post-4673","post","type-post","status-publish","format-standard","has-post-thumbnail","hentry","category-destaques"],"jetpack_featured_media_url":"https:\/\/www.frelimo.org.mz\/wp-content\/uploads\/2024\/08\/DChapo-Sofala.jpg","jetpack_sharing_enabled":true,"_links":{"self":[{"href":"https:\/\/www.frelimo.org.mz\/index.php?rest_route=\/wp\/v2\/posts\/4673","targetHints":{"allow":["GET"]}}],"collection":[{"href":"https:\/\/www.frelimo.org.mz\/index.php?rest_route=\/wp\/v2\/posts"}],"about":[{"href":"https:\/\/www.frelimo.org.mz\/index.php?rest_route=\/wp\/v2\/types\/post"}],"author":[{"embeddable":true,"href":"https:\/\/www.frelimo.org.mz\/index.php?rest_route=\/wp\/v2\/users\/4"}],"replies":[{"embeddable":true,"href":"https:\/\/www.frelimo.org.mz\/index.php?rest_route=%2Fwp%2Fv2%2Fcomments&post=4673"}],"version-history":[{"count":0,"href":"https:\/\/www.frelimo.org.mz\/index.php?rest_route=\/wp\/v2\/posts\/4673\/revisions"}],"wp:featuredmedia":[{"embeddable":true,"href":"https:\/\/www.frelimo.org.mz\/index.php?rest_route=\/wp\/v2\/media\/4674"}],"wp:attachment":[{"href":"https:\/\/www.frelimo.org.mz\/index.php?rest_route=%2Fwp%2Fv2%2Fmedia&parent=4673"}],"wp:term":[{"taxonomy":"category","embeddable":true,"href":"https:\/\/www.frelimo.org.mz\/index.php?rest_route=%2Fwp%2Fv2%2Fcategories&post=4673"},{"taxonomy":"post_tag","embeddable":true,"href":"https:\/\/www.frelimo.org.mz\/index.php?rest_route=%2Fwp%2Fv2%2Ftags&post=4673"}],"curies":[{"name":"wp","href":"https:\/\/api.w.org\/{rel}","templated":true}]}}