{"id":4662,"date":"2024-08-07T15:42:44","date_gmt":"2024-08-07T13:42:44","guid":{"rendered":"https:\/\/www.frelimo.org.mz\/?p=4662"},"modified":"2024-08-07T15:42:46","modified_gmt":"2024-08-07T13:42:46","slug":"secretario-geral-da-frelimo-efectua-visita-de-trabalho-a-provincia-de-tete","status":"publish","type":"post","link":"https:\/\/www.frelimo.org.mz\/?p=4662","title":{"rendered":"SECRET\u00c1RIO GERAL DA FRELIMO EFECTUA VISITA DE TRABALHO \u00c0 PROV\u00cdNCIA DE TETE"},"content":{"rendered":"\n<p>SEDE NACIONAL<br>GABINETE DE IMPRENSA<\/p>\n\n\n\n<p>MAPUTO, 06 DE AGOSTO DE 2024 &#8211; O Secret\u00e1rio Geral da FRELIMO, Daniel Francisco Chapo, efectua de 07 \u00e0 08 de Agosto de 2024, uma Visita de Trabalho \u00e0 Prov\u00edncia de Tete.<br>A visita de Daniel Chapo insere-se no quadro do acompanhamento do funcionamento dos \u00f3rg\u00e3os do Partido a todos os n\u00edveis tendo em vista as elei\u00e7\u00f5es gerais de 9 de Outubro, num exerc\u00edcio que responde a palavra de ordem da FRELIMO: &#8220;A vit\u00f3ria prepara-se, a vit\u00f3ria organiza-se&#8221;<br>Durante a visita, o Secret\u00e1rio-Geral da FRELIMO dever\u00e1 manter encontros com os \u00f3rg\u00e3os locais, dirigir uma Sess\u00e3o Extraordin\u00e1ria do Secretariado do Comit\u00e9 Provincial, alargada a outros quadros, realizar reuni\u00f5es com as Organiza\u00e7\u00f5es Sociais do Partido, os membros, os militantes, assim como exortar \u00e0 popula\u00e7\u00e3o para preserva\u00e7\u00e3o da Paz e intensifica\u00e7\u00e3o da vigil\u00e2ncia contra males perturbadores da Unidade Nacional e do conv\u00edvio harmonioso.<br>Nesta desloca\u00e7\u00e3o, o Secret\u00e1rio Geral da FRELIMO far-se-\u00e1 acompanhar pelo Camarada Jo\u00e3o Muchine Mudema, Secret\u00e1rio do Comit\u00e9 Central Para Organiza\u00e7\u00e3o, bem como por outros quadros do Partido.<br>60 ANOS CONSOLIDANDO A UNIDADE NACIONAL,<br>PROMOVENDO A PAZ E DESENVOLVIMENTO FRELIMO, A FOR\u00c7A DA MUDAN\u00c7<\/p>\n","protected":false},"excerpt":{"rendered":"<p>SEDE NACIONALGABINETE DE IMPRENSA MAPUTO, 06 DE AGOSTO DE 2024 &#8211; O Secret\u00e1rio Geral da FRELIMO, Daniel Francisco Chapo, efectua de 07 \u00e0 08 de Agosto de 2024, uma Visita de Trabalho \u00e0 Prov\u00edncia de Tete.A visita de Daniel Chapo insere-se no quadro do acompanhamento do funcionamento dos \u00f3rg\u00e3os do Partido a todos os n\u00edveis &hellip;<\/p>\n","protected":false},"author":2,"featured_media":4663,"comment_status":"closed","ping_status":"open","sticky":false,"template":"","format":"standard","meta":{"_jetpack_memberships_contains_paid_content":false,"footnotes":""},"categories":[7],"tags":[],"class_list":["post-4662","post","type-post","status-publish","format-standard","has-post-thumbnail","hentry","category-destaques"],"jetpack_featured_media_url":"https:\/\/www.frelimo.org.mz\/wp-content\/uploads\/2024\/08\/IMG-20240807-WA0029.jpg","jetpack_sharing_enabled":true,"_links":{"self":[{"href":"https:\/\/www.frelimo.org.mz\/index.php?rest_route=\/wp\/v2\/posts\/4662","targetHints":{"allow":["GET"]}}],"collection":[{"href":"https:\/\/www.frelimo.org.mz\/index.php?rest_route=\/wp\/v2\/posts"}],"about":[{"href":"https:\/\/www.frelimo.org.mz\/index.php?rest_route=\/wp\/v2\/types\/post"}],"author":[{"embeddable":true,"href":"https:\/\/www.frelimo.org.mz\/index.php?rest_route=\/wp\/v2\/users\/2"}],"replies":[{"embeddable":true,"href":"https:\/\/www.frelimo.org.mz\/index.php?rest_route=%2Fwp%2Fv2%2Fcomments&post=4662"}],"version-history":[{"count":0,"href":"https:\/\/www.frelimo.org.mz\/index.php?rest_route=\/wp\/v2\/posts\/4662\/revisions"}],"wp:featuredmedia":[{"embeddable":true,"href":"https:\/\/www.frelimo.org.mz\/index.php?rest_route=\/wp\/v2\/media\/4663"}],"wp:attachment":[{"href":"https:\/\/www.frelimo.org.mz\/index.php?rest_route=%2Fwp%2Fv2%2Fmedia&parent=4662"}],"wp:term":[{"taxonomy":"category","embeddable":true,"href":"https:\/\/www.frelimo.org.mz\/index.php?rest_route=%2Fwp%2Fv2%2Fcategories&post=4662"},{"taxonomy":"post_tag","embeddable":true,"href":"https:\/\/www.frelimo.org.mz\/index.php?rest_route=%2Fwp%2Fv2%2Ftags&post=4662"}],"curies":[{"name":"wp","href":"https:\/\/api.w.org\/{rel}","templated":true}]}}