{"id":4658,"date":"2024-07-30T08:37:20","date_gmt":"2024-07-30T06:37:20","guid":{"rendered":"https:\/\/www.frelimo.org.mz\/?p=4658"},"modified":"2024-07-30T08:42:12","modified_gmt":"2024-07-30T06:42:12","slug":"secretario-geral-da-frelimo-efectua-visita-de-trabalho-a-provincia-de-cabo-delgado","status":"publish","type":"post","link":"https:\/\/www.frelimo.org.mz\/?p=4658","title":{"rendered":"Secret\u00e1rio Geral da FRELIMO efectua visita de trabalho \u00e0 prov\u00edncia de Cabo Delgado"},"content":{"rendered":"\n<p>O Secret\u00e1rio Geral da FRELIMO, Daniel Francisco Chapo, efectua de 30 \u00e0 31 de Julho de 2024, uma Visita de Trabalho \u00e0 Prov\u00edncia de Cabo-Delgado.<br>A visita de Daniel Chapo insere-se no quadro do acompanhamento do funcionamento dos \u00f3rg\u00e3os do Partido a todos os n\u00edveis tendo em vista as elei\u00e7\u00f5es gerais de 9 de Outubro, num exerc\u00edcio que responde a palavra de ordem da FRELIMO:<br>&#8220;A vit\u00f3ria prepara-se, a vit\u00f3ria organiza-se&#8221;<br>Durante a visita, o Secret\u00e1rio-Geral da FRELIMO dever\u00e1 manter encontros com os \u00f3rg\u00e3os locais da FRELIMO, dirigir uma Sess\u00e3o Extraordin\u00e1ria do Secretariado do Comit\u00e9 Provincial, alargada a outros quadros, realizar reuni\u00f5es com as Organiza\u00e7\u00f5es Sociais do Partido, os membros, os militantes e a popula\u00e7\u00e3o em geral.<br>Nesta desloca\u00e7\u00e3o, o Secret\u00e1rio Geral da FRELIMO far-se-\u00e1 acompanhar pela Camarada Bendita Donaciano Lopes, Secret\u00e1ria do Comit\u00e9 Central Para Mobiliza\u00e7\u00e3o e Organiza\u00e7\u00f5es Sociais, bem como por outros quadros do Partido.<\/p>\n","protected":false},"excerpt":{"rendered":"<p>O Secret\u00e1rio Geral da FRELIMO, Daniel Francisco Chapo, efectua de 30 \u00e0 31 de Julho de 2024, uma Visita de Trabalho \u00e0 Prov\u00edncia de Cabo-Delgado.A visita de Daniel Chapo insere-se no quadro do acompanhamento do funcionamento dos \u00f3rg\u00e3os do Partido a todos os n\u00edveis tendo em vista as elei\u00e7\u00f5es gerais de 9 de Outubro, num &hellip;<\/p>\n","protected":false},"author":4,"featured_media":4659,"comment_status":"closed","ping_status":"open","sticky":false,"template":"","format":"standard","meta":{"_jetpack_memberships_contains_paid_content":false,"footnotes":""},"categories":[7],"tags":[],"class_list":["post-4658","post","type-post","status-publish","format-standard","has-post-thumbnail","hentry","category-destaques"],"jetpack_featured_media_url":"https:\/\/www.frelimo.org.mz\/wp-content\/uploads\/2024\/07\/SG-Visita-CD.jpg","jetpack_sharing_enabled":true,"_links":{"self":[{"href":"https:\/\/www.frelimo.org.mz\/index.php?rest_route=\/wp\/v2\/posts\/4658","targetHints":{"allow":["GET"]}}],"collection":[{"href":"https:\/\/www.frelimo.org.mz\/index.php?rest_route=\/wp\/v2\/posts"}],"about":[{"href":"https:\/\/www.frelimo.org.mz\/index.php?rest_route=\/wp\/v2\/types\/post"}],"author":[{"embeddable":true,"href":"https:\/\/www.frelimo.org.mz\/index.php?rest_route=\/wp\/v2\/users\/4"}],"replies":[{"embeddable":true,"href":"https:\/\/www.frelimo.org.mz\/index.php?rest_route=%2Fwp%2Fv2%2Fcomments&post=4658"}],"version-history":[{"count":2,"href":"https:\/\/www.frelimo.org.mz\/index.php?rest_route=\/wp\/v2\/posts\/4658\/revisions"}],"predecessor-version":[{"id":4661,"href":"https:\/\/www.frelimo.org.mz\/index.php?rest_route=\/wp\/v2\/posts\/4658\/revisions\/4661"}],"wp:featuredmedia":[{"embeddable":true,"href":"https:\/\/www.frelimo.org.mz\/index.php?rest_route=\/wp\/v2\/media\/4659"}],"wp:attachment":[{"href":"https:\/\/www.frelimo.org.mz\/index.php?rest_route=%2Fwp%2Fv2%2Fmedia&parent=4658"}],"wp:term":[{"taxonomy":"category","embeddable":true,"href":"https:\/\/www.frelimo.org.mz\/index.php?rest_route=%2Fwp%2Fv2%2Fcategories&post=4658"},{"taxonomy":"post_tag","embeddable":true,"href":"https:\/\/www.frelimo.org.mz\/index.php?rest_route=%2Fwp%2Fv2%2Ftags&post=4658"}],"curies":[{"name":"wp","href":"https:\/\/api.w.org\/{rel}","templated":true}]}}