{"id":4640,"date":"2024-07-19T14:43:27","date_gmt":"2024-07-19T12:43:27","guid":{"rendered":"https:\/\/www.frelimo.org.mz\/?p=4640"},"modified":"2024-07-19T14:43:28","modified_gmt":"2024-07-19T12:43:28","slug":"presidente-filipe-jacinto-nyusi-procede-a-abertura-da-ii-sessao-extraordinaria-do-comite-central","status":"publish","type":"post","link":"https:\/\/www.frelimo.org.mz\/?p=4640","title":{"rendered":"Presidente Filipe Jacinto Nyusi, procede a abertura da II Sess\u00e3o Extraordin\u00e1ria do Comit\u00e9 Central"},"content":{"rendered":"\n<p>Presidente Filipe Jacinto Nyusi, procede a abertura da II Sess\u00e3o Extraordin\u00e1ria do Comit\u00e9 Central<\/p>\n\n\n\n<figure class=\"wp-block-image size-large\"><img loading=\"lazy\" decoding=\"async\" width=\"1024\" height=\"683\" src=\"https:\/\/www.frelimo.org.mz\/wp-content\/uploads\/2024\/07\/FB_IMG_1721392845900-1024x683.jpg\" alt=\"\" class=\"wp-image-4641\" srcset=\"https:\/\/www.frelimo.org.mz\/wp-content\/uploads\/2024\/07\/FB_IMG_1721392845900-1024x683.jpg 1024w, https:\/\/www.frelimo.org.mz\/wp-content\/uploads\/2024\/07\/FB_IMG_1721392845900-300x200.jpg 300w, https:\/\/www.frelimo.org.mz\/wp-content\/uploads\/2024\/07\/FB_IMG_1721392845900-768x512.jpg 768w, https:\/\/www.frelimo.org.mz\/wp-content\/uploads\/2024\/07\/FB_IMG_1721392845900.jpg 1080w\" sizes=\"auto, (max-width: 1024px) 100vw, 1024px\" \/><\/figure>\n","protected":false},"excerpt":{"rendered":"<p>Presidente Filipe Jacinto Nyusi, procede a abertura da II Sess\u00e3o Extraordin\u00e1ria do Comit\u00e9 Central<\/p>\n","protected":false},"author":2,"featured_media":4643,"comment_status":"closed","ping_status":"open","sticky":false,"template":"","format":"standard","meta":{"_jetpack_memberships_contains_paid_content":false,"footnotes":""},"categories":[7],"tags":[],"class_list":["post-4640","post","type-post","status-publish","format-standard","has-post-thumbnail","hentry","category-destaques"],"jetpack_featured_media_url":"https:\/\/www.frelimo.org.mz\/wp-content\/uploads\/2024\/07\/FB_IMG_1721392834809.jpg","jetpack_sharing_enabled":true,"_links":{"self":[{"href":"https:\/\/www.frelimo.org.mz\/index.php?rest_route=\/wp\/v2\/posts\/4640","targetHints":{"allow":["GET"]}}],"collection":[{"href":"https:\/\/www.frelimo.org.mz\/index.php?rest_route=\/wp\/v2\/posts"}],"about":[{"href":"https:\/\/www.frelimo.org.mz\/index.php?rest_route=\/wp\/v2\/types\/post"}],"author":[{"embeddable":true,"href":"https:\/\/www.frelimo.org.mz\/index.php?rest_route=\/wp\/v2\/users\/2"}],"replies":[{"embeddable":true,"href":"https:\/\/www.frelimo.org.mz\/index.php?rest_route=%2Fwp%2Fv2%2Fcomments&post=4640"}],"version-history":[{"count":1,"href":"https:\/\/www.frelimo.org.mz\/index.php?rest_route=\/wp\/v2\/posts\/4640\/revisions"}],"predecessor-version":[{"id":4644,"href":"https:\/\/www.frelimo.org.mz\/index.php?rest_route=\/wp\/v2\/posts\/4640\/revisions\/4644"}],"wp:featuredmedia":[{"embeddable":true,"href":"https:\/\/www.frelimo.org.mz\/index.php?rest_route=\/wp\/v2\/media\/4643"}],"wp:attachment":[{"href":"https:\/\/www.frelimo.org.mz\/index.php?rest_route=%2Fwp%2Fv2%2Fmedia&parent=4640"}],"wp:term":[{"taxonomy":"category","embeddable":true,"href":"https:\/\/www.frelimo.org.mz\/index.php?rest_route=%2Fwp%2Fv2%2Fcategories&post=4640"},{"taxonomy":"post_tag","embeddable":true,"href":"https:\/\/www.frelimo.org.mz\/index.php?rest_route=%2Fwp%2Fv2%2Ftags&post=4640"}],"curies":[{"name":"wp","href":"https:\/\/api.w.org\/{rel}","templated":true}]}}