{"id":4578,"date":"2024-05-31T19:38:00","date_gmt":"2024-05-31T17:38:00","guid":{"rendered":"https:\/\/www.frelimo.org.mz\/?p=4578"},"modified":"2024-06-01T07:40:57","modified_gmt":"2024-06-01T05:40:57","slug":"presidente-filipe-nyusi-inaugurou-o-sistema-integrado-de-abastecimento-de-agua-e-energia-electrica","status":"publish","type":"post","link":"https:\/\/www.frelimo.org.mz\/?p=4578","title":{"rendered":"Presidente Filipe Nyusi inaugurou o Sistema Integrado de Abastecimento de \u00c1gua e Energia El\u00e9ctrica"},"content":{"rendered":"\n<p>Posto Administrativo de Nhamassonge, distrito Guro, prov\u00edncia de Manica, Presidente Filipe Nyusi inaugurou o Sistema Integrado de Abastecimento de \u00c1gua e Energia El\u00e9ctrica via Sistema de Pain\u00e9is Solares na Sede do Posto Administrativo de Nhamassonge.<\/p>\n\n\n\n<p>Ainda hoje o Presidente Nyusi dirigiu a Cerim\u00f3nia de Inaugura\u00e7\u00e3o do Sistema de Fornecimento de Energia El\u00e9ctrica do Posto Administrativo de Mand\u00ede, ligado \u00e0 Rede Nacional a partir da Prov\u00edncia de Tete, no \u00e2mbito do \u201cPrograma Energia para Todos\u201d<\/p>\n","protected":false},"excerpt":{"rendered":"<p>Posto Administrativo de Nhamassonge, distrito Guro, prov\u00edncia de Manica, Presidente Filipe Nyusi inaugurou o Sistema Integrado de Abastecimento de \u00c1gua e Energia El\u00e9ctrica via Sistema de Pain\u00e9is Solares na Sede do Posto Administrativo de Nhamassonge. Ainda hoje o Presidente Nyusi dirigiu a Cerim\u00f3nia de Inaugura\u00e7\u00e3o do Sistema de Fornecimento de Energia El\u00e9ctrica do Posto Administrativo &hellip;<\/p>\n","protected":false},"author":2,"featured_media":4579,"comment_status":"closed","ping_status":"open","sticky":false,"template":"","format":"standard","meta":{"_jetpack_memberships_contains_paid_content":false,"footnotes":""},"categories":[7],"tags":[],"class_list":["post-4578","post","type-post","status-publish","format-standard","has-post-thumbnail","hentry","category-destaques"],"jetpack_featured_media_url":"https:\/\/www.frelimo.org.mz\/wp-content\/uploads\/2024\/06\/Screenshot_20240601_073821_WhatsApp.png","jetpack_sharing_enabled":true,"_links":{"self":[{"href":"https:\/\/www.frelimo.org.mz\/index.php?rest_route=\/wp\/v2\/posts\/4578","targetHints":{"allow":["GET"]}}],"collection":[{"href":"https:\/\/www.frelimo.org.mz\/index.php?rest_route=\/wp\/v2\/posts"}],"about":[{"href":"https:\/\/www.frelimo.org.mz\/index.php?rest_route=\/wp\/v2\/types\/post"}],"author":[{"embeddable":true,"href":"https:\/\/www.frelimo.org.mz\/index.php?rest_route=\/wp\/v2\/users\/2"}],"replies":[{"embeddable":true,"href":"https:\/\/www.frelimo.org.mz\/index.php?rest_route=%2Fwp%2Fv2%2Fcomments&post=4578"}],"version-history":[{"count":0,"href":"https:\/\/www.frelimo.org.mz\/index.php?rest_route=\/wp\/v2\/posts\/4578\/revisions"}],"wp:featuredmedia":[{"embeddable":true,"href":"https:\/\/www.frelimo.org.mz\/index.php?rest_route=\/wp\/v2\/media\/4579"}],"wp:attachment":[{"href":"https:\/\/www.frelimo.org.mz\/index.php?rest_route=%2Fwp%2Fv2%2Fmedia&parent=4578"}],"wp:term":[{"taxonomy":"category","embeddable":true,"href":"https:\/\/www.frelimo.org.mz\/index.php?rest_route=%2Fwp%2Fv2%2Fcategories&post=4578"},{"taxonomy":"post_tag","embeddable":true,"href":"https:\/\/www.frelimo.org.mz\/index.php?rest_route=%2Fwp%2Fv2%2Ftags&post=4578"}],"curies":[{"name":"wp","href":"https:\/\/api.w.org\/{rel}","templated":true}]}}