{"id":4529,"date":"2024-04-15T08:59:40","date_gmt":"2024-04-15T06:59:40","guid":{"rendered":"https:\/\/www.frelimo.org.mz\/?p=4529"},"modified":"2024-04-17T09:01:48","modified_gmt":"2024-04-17T07:01:48","slug":"mensagem-da-frelimo-pela-morte-do-reverendo-e-musico-arao-litsuri","status":"publish","type":"post","link":"https:\/\/www.frelimo.org.mz\/?p=4529","title":{"rendered":"MENSAGEM DA FRELIMO PELA MORTE DO REVERENDO E M\u00daSICO AR\u00c3O LITSURI"},"content":{"rendered":"\n<p>Com elevada consterna\u00e7\u00e3o a FRELIMO tomou conhecimento do falecimento do compatriota Ar\u00e3o Litsuri, artista de elevadas qualidades musicais, te\u00f3logo temente a Deus e companheiro de fortes convic\u00e7\u00f5es patri\u00f3ticas. A FRELIMO ressente-se da tamanha perda irrepar\u00e1vel pois, o Reverendo Ar\u00e3o Litsuri teve em vida, uma traject\u00f3ria que galvaniza a constru\u00e7\u00e3o desta P\u00e1tria Amada. <\/p>\n\n\n\n<p>Ar\u00e3o Litsuri foi exemplo de cidad\u00e3o que sempre amou a M\u00e3e P\u00e1tria e, com distin\u00e7\u00e3o, exerceu v\u00e1rios cargos que o enobrecem como sendo, o de Presidente da Comiss\u00e3o Nacional de Elei\u00e7\u00f5es, CNE, Director Nacional dos Assuntos Religiosos, Presidente do Conselho Crist\u00e3o de Mo\u00e7ambique, artista de in\u00fameros dotes musicais. <\/p>\n\n\n\n<p>A FRELIMO endere\u00e7a \u00e0 fam\u00edlia, ao Conselho Crist\u00e3o de Mo\u00e7ambique \u00e0 Associa\u00e7\u00e3o dos M\u00fasicos mo\u00e7ambicanos, sentimentos de profundo pesar. Paz a sua alma! <\/p>\n\n\n\n<p>60 ANOS CONSOLIDANDO A UNIDADE NACIONAL,PROMOVENDO A PAZ E DESENVOLVIMENTOFRELIMO, A FOR\u00c7A DA MUDAN\u00c7A!<\/p>\n","protected":false},"excerpt":{"rendered":"<p>Com elevada consterna\u00e7\u00e3o a FRELIMO tomou conhecimento do falecimento do compatriota Ar\u00e3o Litsuri, artista de elevadas qualidades musicais, te\u00f3logo temente a Deus e companheiro de fortes convic\u00e7\u00f5es patri\u00f3ticas. A FRELIMO ressente-se da tamanha perda irrepar\u00e1vel pois, o Reverendo Ar\u00e3o Litsuri teve em vida, uma traject\u00f3ria que galvaniza a constru\u00e7\u00e3o desta P\u00e1tria Amada. Ar\u00e3o Litsuri foi &hellip;<\/p>\n","protected":false},"author":2,"featured_media":4530,"comment_status":"closed","ping_status":"open","sticky":false,"template":"","format":"standard","meta":{"_jetpack_memberships_contains_paid_content":false,"footnotes":""},"categories":[14],"tags":[],"class_list":["post-4529","post","type-post","status-publish","format-standard","has-post-thumbnail","hentry","category-destaques2"],"jetpack_featured_media_url":"https:\/\/www.frelimo.org.mz\/wp-content\/uploads\/2024\/04\/Litsure.jpg","jetpack_sharing_enabled":true,"_links":{"self":[{"href":"https:\/\/www.frelimo.org.mz\/index.php?rest_route=\/wp\/v2\/posts\/4529","targetHints":{"allow":["GET"]}}],"collection":[{"href":"https:\/\/www.frelimo.org.mz\/index.php?rest_route=\/wp\/v2\/posts"}],"about":[{"href":"https:\/\/www.frelimo.org.mz\/index.php?rest_route=\/wp\/v2\/types\/post"}],"author":[{"embeddable":true,"href":"https:\/\/www.frelimo.org.mz\/index.php?rest_route=\/wp\/v2\/users\/2"}],"replies":[{"embeddable":true,"href":"https:\/\/www.frelimo.org.mz\/index.php?rest_route=%2Fwp%2Fv2%2Fcomments&post=4529"}],"version-history":[{"count":0,"href":"https:\/\/www.frelimo.org.mz\/index.php?rest_route=\/wp\/v2\/posts\/4529\/revisions"}],"wp:featuredmedia":[{"embeddable":true,"href":"https:\/\/www.frelimo.org.mz\/index.php?rest_route=\/wp\/v2\/media\/4530"}],"wp:attachment":[{"href":"https:\/\/www.frelimo.org.mz\/index.php?rest_route=%2Fwp%2Fv2%2Fmedia&parent=4529"}],"wp:term":[{"taxonomy":"category","embeddable":true,"href":"https:\/\/www.frelimo.org.mz\/index.php?rest_route=%2Fwp%2Fv2%2Fcategories&post=4529"},{"taxonomy":"post_tag","embeddable":true,"href":"https:\/\/www.frelimo.org.mz\/index.php?rest_route=%2Fwp%2Fv2%2Ftags&post=4529"}],"curies":[{"name":"wp","href":"https:\/\/api.w.org\/{rel}","templated":true}]}}