{"id":4492,"date":"2024-04-05T15:45:55","date_gmt":"2024-04-05T13:45:55","guid":{"rendered":"https:\/\/www.frelimo.org.mz\/?p=4492"},"modified":"2024-04-05T15:45:56","modified_gmt":"2024-04-05T13:45:56","slug":"aclln-aclama-desempenho-do-presidente-filipe-nyusi","status":"publish","type":"post","link":"https:\/\/www.frelimo.org.mz\/?p=4492","title":{"rendered":"ACLLN ACLAMA DESEMPENHO DO PRESIDENTE FILIPE NYUSI"},"content":{"rendered":"\n<p>A Associa\u00e7\u00e3o dos Combatentes da Luta de Liberta\u00e7\u00e3o Nacional (ACLLN) aclamou ontem o desempenho governativo do Presidente da FRELIMO, da ACLLN e Presidente da Rep\u00fablica de Mo\u00e7ambique, Filipe Nyusi, na busca de solu\u00e7\u00f5es para os diferentes problemas que o pa\u00eds enfrenta, n\u00e3o obstante reconhecer que persistem desafios para o bem-estar de todos os mo\u00e7ambicanos.<\/p>\n\n\n\n<p>A aclama\u00e7\u00e3o ocorreu durante a II Sess\u00e3o do Conselho Nacional da ACCLN, evento que visava, entre outros assuntos, avaliar a situa\u00e7\u00e3o actual da associa\u00e7\u00e3o e dos seus membros, planificar as actividades para o presente ano e fazer uma analise do actual est\u00e1gio da vida pol\u00edtica, econ\u00f3mica e social que o pa\u00eds atravessa.<\/p>\n","protected":false},"excerpt":{"rendered":"<p>A Associa\u00e7\u00e3o dos Combatentes da Luta de Liberta\u00e7\u00e3o Nacional (ACLLN) aclamou ontem o desempenho governativo do Presidente da FRELIMO, da ACLLN e Presidente da Rep\u00fablica de Mo\u00e7ambique, Filipe Nyusi, na busca de solu\u00e7\u00f5es para os diferentes problemas que o pa\u00eds enfrenta, n\u00e3o obstante reconhecer que persistem desafios para o bem-estar de todos os mo\u00e7ambicanos. A &hellip;<\/p>\n","protected":false},"author":2,"featured_media":4493,"comment_status":"closed","ping_status":"open","sticky":false,"template":"","format":"standard","meta":{"_jetpack_memberships_contains_paid_content":false,"footnotes":""},"categories":[7],"tags":[],"class_list":["post-4492","post","type-post","status-publish","format-standard","has-post-thumbnail","hentry","category-destaques"],"jetpack_featured_media_url":"https:\/\/www.frelimo.org.mz\/wp-content\/uploads\/2024\/04\/FB_IMG_1712324015255.jpg","jetpack_sharing_enabled":true,"_links":{"self":[{"href":"https:\/\/www.frelimo.org.mz\/index.php?rest_route=\/wp\/v2\/posts\/4492","targetHints":{"allow":["GET"]}}],"collection":[{"href":"https:\/\/www.frelimo.org.mz\/index.php?rest_route=\/wp\/v2\/posts"}],"about":[{"href":"https:\/\/www.frelimo.org.mz\/index.php?rest_route=\/wp\/v2\/types\/post"}],"author":[{"embeddable":true,"href":"https:\/\/www.frelimo.org.mz\/index.php?rest_route=\/wp\/v2\/users\/2"}],"replies":[{"embeddable":true,"href":"https:\/\/www.frelimo.org.mz\/index.php?rest_route=%2Fwp%2Fv2%2Fcomments&post=4492"}],"version-history":[{"count":1,"href":"https:\/\/www.frelimo.org.mz\/index.php?rest_route=\/wp\/v2\/posts\/4492\/revisions"}],"predecessor-version":[{"id":4494,"href":"https:\/\/www.frelimo.org.mz\/index.php?rest_route=\/wp\/v2\/posts\/4492\/revisions\/4494"}],"wp:featuredmedia":[{"embeddable":true,"href":"https:\/\/www.frelimo.org.mz\/index.php?rest_route=\/wp\/v2\/media\/4493"}],"wp:attachment":[{"href":"https:\/\/www.frelimo.org.mz\/index.php?rest_route=%2Fwp%2Fv2%2Fmedia&parent=4492"}],"wp:term":[{"taxonomy":"category","embeddable":true,"href":"https:\/\/www.frelimo.org.mz\/index.php?rest_route=%2Fwp%2Fv2%2Fcategories&post=4492"},{"taxonomy":"post_tag","embeddable":true,"href":"https:\/\/www.frelimo.org.mz\/index.php?rest_route=%2Fwp%2Fv2%2Ftags&post=4492"}],"curies":[{"name":"wp","href":"https:\/\/api.w.org\/{rel}","templated":true}]}}