{"id":4489,"date":"2024-04-04T20:24:25","date_gmt":"2024-04-04T18:24:25","guid":{"rendered":"https:\/\/www.frelimo.org.mz\/?p=4489"},"modified":"2024-04-04T20:24:26","modified_gmt":"2024-04-04T18:24:26","slug":"presidente-nyusi-exalta-espirito-patriotico-dos-combatentes","status":"publish","type":"post","link":"https:\/\/www.frelimo.org.mz\/?p=4489","title":{"rendered":"Presidente Nyusi exalta esp\u00edrito patri\u00f3tico dos combatentes"},"content":{"rendered":"\n<p> O Presidente da Associa\u00e7\u00e3o dos Combatentes da Luta de Liberta\u00e7\u00e3o Nacional (ACLLN) e Presidente da Rep\u00fablica de Mo\u00e7ambique, Filipe Jacinto Nyusi, afirma que os ataques perpetrados pelos grupos terroristas, iniciados em 2017 na prov\u00edncia de Cabo Delgado, constituem uma grande amea\u00e7a a paz, seguran\u00e7a, estabilidade e a unicidade da Na\u00e7\u00e3o. <\/p>\n\n\n\n<p>Falando na abertura da II Sess\u00e3o Ordin\u00e1ria do Comit\u00e9 Nacional da Associa\u00e7\u00e3o dos Combatentes da Luta de Liberta\u00e7\u00e3o Nacional (ACLLN), o Presidente Filipe Nyusi, real\u00e7ou que foi com o esp\u00edrito patri\u00f3tico e experi\u00eancia de luta do passado, que os Veteranos de Luta de Liberta\u00e7\u00e3o Nacional, tomaram iniciativa de organizarem-se em \u201cFor\u00e7a Local\u201d para junto com as For\u00e7as de Defesa e Seguran\u00e7a, enfrentarem a ac\u00e7\u00e3o terrorista em Cabo Delgado. \u201cComo forma de atingir com actos em defesa da soberania, conquistada com muito sacrif\u00edcio, e conduzidos pelo mesmo esp\u00edrito patri\u00f3tico de luta para conquista da Independ\u00eancia Nacional, a For\u00e7a Local se predisp\u00f5e para grupo de avan\u00e7o, realiza reconhecimento e protege as comunidades. <\/p>\n\n\n\n<p>Trava duros combates, infligindo pesadas baixas ao inimigo no teatro operacional norte\u201d, disse o Presidente Filipe Nyusi. Para exaltar os feitos her\u00f3icos e sacrif\u00edcios que os combatentes consentiram para a conquista da independ\u00eancia, o Presidente da Rep\u00fablica disse que o Governo decidiu condecorar com a medalha Veterano de Luta de Liberta\u00e7\u00e3o Nacional, a todos aqueles que comprovadamente participaram nas frentes de combate, diplom\u00e1tica, ou na clandestinidade, conforme a designa\u00e7\u00e3o da medalha por defini\u00e7\u00e3o. \u201cDe 2015 at\u00e9 ao presente ano, foram atribu\u00eddas a Medalha de Luta de Liberta\u00e7\u00e3o Nacional, 21.441 combatentes em todo o territ\u00f3rio Nacional, num exerc\u00edcio cont\u00ednuo\u201d, sublinhou. <\/p>\n\n\n\n<p>Entretanto, o Presidente da ACLLN desafiou os combatentes para que, mais uma vez, assumam a vanguarda na prepara\u00e7\u00e3o da vit\u00f3ria da FRELIMO, nas S\u00e9timas Elei\u00e7\u00f5es Gerais, Legislativas e Presidenciais e nas Quartas Elei\u00e7\u00f5es para as Assembleias Provinciais. Para o dirigente, esta reuni\u00e3o marca o in\u00edcio da organiza\u00e7\u00e3o dos combatentes para a sua activa participa\u00e7\u00e3o em todas as etapas do processo eleitoral.<\/p>\n","protected":false},"excerpt":{"rendered":"<p>O Presidente da Associa\u00e7\u00e3o dos Combatentes da Luta de Liberta\u00e7\u00e3o Nacional (ACLLN) e Presidente da Rep\u00fablica de Mo\u00e7ambique, Filipe Jacinto Nyusi, afirma que os ataques perpetrados pelos grupos terroristas, iniciados em 2017 na prov\u00edncia de Cabo Delgado, constituem uma grande amea\u00e7a a paz, seguran\u00e7a, estabilidade e a unicidade da Na\u00e7\u00e3o. Falando na abertura da II &hellip;<\/p>\n","protected":false},"author":2,"featured_media":4490,"comment_status":"closed","ping_status":"open","sticky":false,"template":"","format":"standard","meta":{"_jetpack_memberships_contains_paid_content":false,"footnotes":""},"categories":[7],"tags":[],"class_list":["post-4489","post","type-post","status-publish","format-standard","has-post-thumbnail","hentry","category-destaques"],"jetpack_featured_media_url":"https:\/\/www.frelimo.org.mz\/wp-content\/uploads\/2024\/04\/FB_IMG_1712254908174.jpg","jetpack_sharing_enabled":true,"_links":{"self":[{"href":"https:\/\/www.frelimo.org.mz\/index.php?rest_route=\/wp\/v2\/posts\/4489","targetHints":{"allow":["GET"]}}],"collection":[{"href":"https:\/\/www.frelimo.org.mz\/index.php?rest_route=\/wp\/v2\/posts"}],"about":[{"href":"https:\/\/www.frelimo.org.mz\/index.php?rest_route=\/wp\/v2\/types\/post"}],"author":[{"embeddable":true,"href":"https:\/\/www.frelimo.org.mz\/index.php?rest_route=\/wp\/v2\/users\/2"}],"replies":[{"embeddable":true,"href":"https:\/\/www.frelimo.org.mz\/index.php?rest_route=%2Fwp%2Fv2%2Fcomments&post=4489"}],"version-history":[{"count":1,"href":"https:\/\/www.frelimo.org.mz\/index.php?rest_route=\/wp\/v2\/posts\/4489\/revisions"}],"predecessor-version":[{"id":4491,"href":"https:\/\/www.frelimo.org.mz\/index.php?rest_route=\/wp\/v2\/posts\/4489\/revisions\/4491"}],"wp:featuredmedia":[{"embeddable":true,"href":"https:\/\/www.frelimo.org.mz\/index.php?rest_route=\/wp\/v2\/media\/4490"}],"wp:attachment":[{"href":"https:\/\/www.frelimo.org.mz\/index.php?rest_route=%2Fwp%2Fv2%2Fmedia&parent=4489"}],"wp:term":[{"taxonomy":"category","embeddable":true,"href":"https:\/\/www.frelimo.org.mz\/index.php?rest_route=%2Fwp%2Fv2%2Fcategories&post=4489"},{"taxonomy":"post_tag","embeddable":true,"href":"https:\/\/www.frelimo.org.mz\/index.php?rest_route=%2Fwp%2Fv2%2Ftags&post=4489"}],"curies":[{"name":"wp","href":"https:\/\/api.w.org\/{rel}","templated":true}]}}