{"id":4476,"date":"2024-04-03T18:31:33","date_gmt":"2024-04-03T16:31:33","guid":{"rendered":"https:\/\/www.frelimo.org.mz\/?p=4476"},"modified":"2024-04-03T19:12:34","modified_gmt":"2024-04-03T17:12:34","slug":"comissao-politica-comunicado-de-imprensa-60","status":"publish","type":"post","link":"https:\/\/www.frelimo.org.mz\/?p=4476","title":{"rendered":"COMISS\u00c3O POL\u00cdTICA COMUNICADO DE IMPRENSA"},"content":{"rendered":"\n<p>Sob Direc\u00e7\u00e3o do Camarada FILIPE JACINTO NYUSI, Presidente da FRELIMO e Presidente da Rep\u00fablica de Mo\u00e7ambique, teve lugar no dia 03 de Abril de 2024, na Escola Central do Partido, a 23\u00aa Sess\u00e3o Ordin\u00e1ria da Comiss\u00e3o Pol\u00edtica, para analisar a actual situa\u00e7\u00e3o pol\u00edtica, econ\u00f3mica e s\u00f3cio-cultural do pa\u00eds. <\/p>\n\n\n\n<p>1. A Comiss\u00e3o Pol\u00edtica verificou o n\u00edvel de prepara\u00e7\u00e3o da III Sess\u00e3o Ordin\u00e1ria do Comit\u00e9 Central da FRELIMO, agendada para os dias 5 e 6 de Abril corrente e congratula os quadros do Partido, a todos os n\u00edveis, pelo dinamismo e coes\u00e3o na prepara\u00e7\u00e3o deste evento, que constitui momento especial para a vida pol\u00edtica da organiza\u00e7\u00e3o, na medida em que acontece num ano da realiza\u00e7\u00e3o de elei\u00e7\u00f5es Presidenciais, Legislativas e das Assembleias Provinciais.  <\/p>\n\n\n\n<p>2. A Comiss\u00e3o Pol\u00edtica congratula a realiza\u00e7\u00e3o das Sess\u00f5es Ordin\u00e1rias dos Conselhos Nacionais da OJM, da OMM e do Comit\u00e9 Nacional da ACLLN, reconhecendo o empenho e dedica\u00e7\u00e3o destes \u00f3rg\u00e3os nas actividades pol\u00edticas, econ\u00f3micas, sociais e nos processos de desenvolvimento do pa\u00eds. <\/p>\n\n\n\n<p>3. A Comiss\u00e3o Pol\u00edtica entende que o exerc\u00edcio pol\u00edtico interno que a FRELIMO observa, neste momento, manifesta o elevado n\u00edvel de maturidade, organiza\u00e7\u00e3o e coes\u00e3o, cujos resultados t\u00eamse revelado na melhoria da qualidade de vida do povo e nas sucessivas vit\u00f3rias do Partido, em todos os pleitos eleitorais.  <\/p>\n\n\n\n<p>4. A Comiss\u00e3o Pol\u00edtica sa\u00fada a sociedade, incluindo as diferentes organiza\u00e7\u00f5es, que t\u00eam estado a desencadear ac\u00e7\u00f5es de solidariedade multiforme em apoio \u00e0s fam\u00edlias afectadas pelas intemp\u00e9ries. <\/p>\n\n\n\n<p>5. A Comiss\u00e3o Pol\u00edtica enaltece a firmeza e o forte engajamento das For\u00e7as de Defesa e Seguran\u00e7a de Mo\u00e7ambique, da Miss\u00e3o da Comunidade de Desenvolvimento dos Pa\u00edses da \u00c1frica Austral, do Ruanda e da For\u00e7a Local, no combate ao terrorismo em algumas zonas da Prov\u00edncia de Cabo Delgado. <\/p>\n\n\n\n<p>6. A Comiss\u00e3o Pol\u00edtica reitera os apelos a todos os cidad\u00e3os, com idade eleitoral activa, para participarem, massivamente, no recenseamento eleitoral que decorre em todo o pa\u00eds, de 15 de Mar\u00e7o a 28 de Abril de 2024 e na di\u00e1spora de 30 de Mar\u00e7o a 28 do m\u00eas em curso. <\/p>\n\n\n\n<p>7. A Comiss\u00e3o Pol\u00edtica foi informada sobre o decurso dos trabalhos da IX Sess\u00e3o Ordin\u00e1ria da IX Legislatura da Assembleia da Rep\u00fablica e sa\u00fada a Bancada da FRELIMO pela sua proactitividade em defesa dos interesses da Na\u00e7\u00e3o na Magna Casa do Povo.<\/p>\n\n\n\n<p>60 ANOS CONSOLIDANDO A UNIDADE NACIONAL,  PROMOVENDO A PAZ E DESENVOLVIMENTO  FRELIMO, A FOR\u00c7A DA MUDAN\u00c7A<\/p>\n","protected":false},"excerpt":{"rendered":"<p>Sob Direc\u00e7\u00e3o do Camarada FILIPE JACINTO NYUSI, Presidente da FRELIMO e Presidente da Rep\u00fablica de Mo\u00e7ambique, teve lugar no dia 03 de Abril de 2024, na Escola Central do Partido, a 23\u00aa Sess\u00e3o Ordin\u00e1ria da Comiss\u00e3o Pol\u00edtica, para analisar a actual situa\u00e7\u00e3o pol\u00edtica, econ\u00f3mica e s\u00f3cio-cultural do pa\u00eds. 1. A Comiss\u00e3o Pol\u00edtica verificou o n\u00edvel &hellip;<\/p>\n","protected":false},"author":2,"featured_media":4484,"comment_status":"closed","ping_status":"open","sticky":false,"template":"","format":"standard","meta":{"_jetpack_memberships_contains_paid_content":false,"footnotes":""},"categories":[7],"tags":[],"class_list":["post-4476","post","type-post","status-publish","format-standard","has-post-thumbnail","hentry","category-destaques"],"jetpack_featured_media_url":"https:\/\/www.frelimo.org.mz\/wp-content\/uploads\/2024\/04\/IMG-20240403-WA0100.jpg","jetpack_sharing_enabled":true,"_links":{"self":[{"href":"https:\/\/www.frelimo.org.mz\/index.php?rest_route=\/wp\/v2\/posts\/4476","targetHints":{"allow":["GET"]}}],"collection":[{"href":"https:\/\/www.frelimo.org.mz\/index.php?rest_route=\/wp\/v2\/posts"}],"about":[{"href":"https:\/\/www.frelimo.org.mz\/index.php?rest_route=\/wp\/v2\/types\/post"}],"author":[{"embeddable":true,"href":"https:\/\/www.frelimo.org.mz\/index.php?rest_route=\/wp\/v2\/users\/2"}],"replies":[{"embeddable":true,"href":"https:\/\/www.frelimo.org.mz\/index.php?rest_route=%2Fwp%2Fv2%2Fcomments&post=4476"}],"version-history":[{"count":0,"href":"https:\/\/www.frelimo.org.mz\/index.php?rest_route=\/wp\/v2\/posts\/4476\/revisions"}],"wp:featuredmedia":[{"embeddable":true,"href":"https:\/\/www.frelimo.org.mz\/index.php?rest_route=\/wp\/v2\/media\/4484"}],"wp:attachment":[{"href":"https:\/\/www.frelimo.org.mz\/index.php?rest_route=%2Fwp%2Fv2%2Fmedia&parent=4476"}],"wp:term":[{"taxonomy":"category","embeddable":true,"href":"https:\/\/www.frelimo.org.mz\/index.php?rest_route=%2Fwp%2Fv2%2Fcategories&post=4476"},{"taxonomy":"post_tag","embeddable":true,"href":"https:\/\/www.frelimo.org.mz\/index.php?rest_route=%2Fwp%2Fv2%2Ftags&post=4476"}],"curies":[{"name":"wp","href":"https:\/\/api.w.org\/{rel}","templated":true}]}}