{"id":4462,"date":"2024-03-30T19:16:46","date_gmt":"2024-03-30T17:16:46","guid":{"rendered":"https:\/\/www.frelimo.org.mz\/?p=4462"},"modified":"2024-03-30T19:28:59","modified_gmt":"2024-03-30T17:28:59","slug":"mensagem-de-condolencias-do-partido-frelimo-pelo-desaparecimento-fisico-do-camarada-manuel-jorge-tome-membro-da-comissao-politica-da-frelimo","status":"publish","type":"post","link":"https:\/\/www.frelimo.org.mz\/?p=4462","title":{"rendered":"MENSAGEM DE CONDOL\u00caNCIAS DO PARTIDO FRELIMO PELO DESAPARECIMENTO F\u00cdSICO DO CAMARADA MANUEL JORGE TOM\u00c9, MEMBRO DA COMISS\u00c3O POL\u00cdTICA DA FRELIMO"},"content":{"rendered":"\n<p><strong>MAPUTO, 30 DE MAR\u00c7O DE 2024<\/strong><\/p>\n\n\n\n<p><strong>CAMARADA FILIPE JACINTO NYUSI, PRESIDENTE DA FRELIMO E<\/strong><\/p>\n\n\n\n<p><strong>PRESIDENTE DA REP\u00daBLICA DE MO\u00c7AMBIQUE<\/strong><\/p>\n\n\n\n<p><strong>CAMARADAS MEMBROS DA COMISS\u00c3O POLIT\u00cdCA<\/strong><\/p>\n\n\n\n<p><strong>CAMARADA MARIA FERNANDA TEIXEIRA<\/strong><\/p>\n\n\n\n<p><strong>PREZADA FAM\u00cdLIA TOM\u00c9<\/strong><\/p>\n\n\n\n<p><strong>DISTINTOS PRESENTES<\/strong><\/p>\n\n\n\n<p>No dia 25 de Mar\u00e7o corrente deixou de estar entre n\u00f3s um dos grandes \u00edcones da hist\u00f3ria recente do nosso Pa\u00eds, uma das maiores refer\u00eancias da nossa exist\u00eancia colectiva como povo e como Na\u00e7\u00e3o, um dos grandes embondeiros da grande fam\u00edlia FRELIMO, o <strong>Camarada Manuel Jorge Tom\u00e9<\/strong>, Membro da Comiss\u00e3o Pol\u00edtica da FRELIMO, v\u00edtima de doen\u00e7a.<\/p>\n\n\n\n<p>Nascido a 20 de Novembro de 1952, aqui em Chimoio, desde jovem, o Camarada Manuel Jorge Tom\u00e9 sempre se destacou pelas suas qualidades de lideran\u00e7a, granjeando-lhe a confian\u00e7a necess\u00e1ria para desempenhar v\u00e1rias fun\u00e7\u00f5es, iniciando o seu rico percurso profissional como:<\/p>\n\n\n\n<ul class=\"wp-block-list\">\n<li>Professor do ensino prim\u00e1rio;<\/li>\n\n\n\n<li>Professor do ensino secund\u00e1rio e Director do Centro Educacional de Amatongas;<\/li>\n\n\n\n<li>Chefe da Comiss\u00e3o directiva da Escola Comercial e Industrial Joaquim Marra;<\/li>\n\n\n\n<li>A sua ardente paix\u00e3o pelo jornalismo, profiss\u00e3o que abra\u00e7ou com muita devo\u00e7\u00e3o, levou-o a ingressar em Agosto de 1977 nos quadros do Jornal Not\u00edcias como Redactor de Terceira, lan\u00e7ando assim a sua longa e frut\u00edfera carreira na \u00e1rea de comunica\u00e7\u00e3o social onde se notabilizou como:<\/li>\n\n\n\n<li>Chefe da Redac\u00e7\u00e3o no Jornal Not\u00edcias, entre 1979 e 1982;<\/li>\n\n\n\n<li>Secret\u00e1rio Geral da Organiza\u00e7\u00e3o Nacional de Jornalistas (ONJ) no per\u00edodo compreendido entre 1986-1991);<\/li>\n\n\n\n<li>1\u00ba Vice-Presidente da Organiza\u00e7\u00e3o Internacional de Jornalistas, de 1991 a 1993;<\/li>\n\n\n\n<li>Presidente da Organiza\u00e7\u00e3o Internacional de Jornalistas, entre 1993 e 1995;<\/li>\n\n\n\n<li>Presidente Honor\u00e1rio da Organiza\u00e7\u00e3o Internacional de Jornalistas, desde 1995;<\/li>\n\n\n\n<li>Director Geral da R\u00e1dio Mo\u00e7ambique, de 1988 a 1994;<\/li>\n\n\n\n<li>Membro do Board of Directors, no Centro de Jornalismo da SADC nos Pa\u00edses N\u00f3rdicos;<\/li>\n\n\n\n<li>Presidente do Comit\u00e9 de Peritos para Cultura e Informa\u00e7\u00e3o da SADC, de 1992 a 1995;<\/li>\n\n\n\n<li>Presidente da Federa\u00e7\u00e3o Mo\u00e7ambicana de Nata\u00e7\u00e3o, 1995 &#8211; 2001;<\/li>\n\n\n\n<li>Membro fundador da Organiza\u00e7\u00e3o Nacional de Jornalistas (ONJ);<\/li>\n\n\n\n<li>Membro fundador do Comit\u00e9 de Amizade Mo\u00e7ambique- Zimbabwe.<\/li>\n<\/ul>\n\n\n\n<p>Ex\u00edmio comunicador e jornalista de m\u00e3o cheia, o Camarada Manuel Jorge Tom\u00e9 foi um dos esteios do jornalismo mo\u00e7ambicano, e contribuiu como poucos, para a constru\u00e7\u00e3o das bases da comunica\u00e7\u00e3o social do Mo\u00e7ambique p\u00f3s-independ\u00eancia.<\/p>\n\n\n\n<p>A n\u00edvel pol\u00edtico, o Camarada Manuel Jorge Tom\u00e9 notabilizou-se como um mobilizador nato, o que lhe valeu o convite da Direc\u00e7\u00e3o da FRELIMO para exercer fun\u00e7\u00f5es no Departamento de Informa\u00e7\u00e3o e Propaganda do Comit\u00e9 Central, numa altura em que o Pa\u00eds era alvo de agress\u00e3o armada e de desinforma\u00e7\u00e3o perpetrada pelas for\u00e7as hostis \u00e0 nossa independ\u00eancia.<\/p>\n\n\n\n<p>Mais tarde foi eleito Secret\u00e1rio do Comit\u00e9 Central da FRELIMO para a Mobiliza\u00e7\u00e3o e Propaganda.<br>Homem de causas, militante de convic\u00e7\u00f5es, o Camarada Manuel Jorge Tom\u00e9 dirigiu o nosso Partido como Secret\u00e1rio Geral e mais tarde como Chefe da nossa Bancada Parlamentar na Assembleia da<\/p>\n\n\n\n<p>Rep\u00fablica, num per\u00edodo de grandes desafios para a FRELIMO e para o Pa\u00eds.<\/p>\n\n\n\n<p>A forma serena mas acutilante, com que lidou com os grandes dossiers da FRELIMO e do Pa\u00eds revelou-se a sua imagem de marca, como um dos grandes dirigentes do nosso tempo.<\/p>\n\n\n\n<p>A afabilidade no trato, a forma f\u00e1cil como se comunicava com todos, a constante preocupa\u00e7\u00e3o para com os seus colaboradores, deixa em todos, com quantos trabalhou e privou, um sentimento de vazio dif\u00edcil de preencher.<\/p>\n\n\n\n<p>O desaparecimento f\u00edsico do Camarada Manuel Jorge Tom\u00e9 dilacerou os nossos cora\u00e7\u00f5es e perante o corpo inerte aqui nos curvamos, em sinal de eterno reconhecimento, por tudo quanto fez em vida, pelo Partido e pelo Pa\u00eds.<\/p>\n\n\n\n<p>Nossas l\u00e1grimas n\u00e3o s\u00e3o suficientes para nos consolar desta arrebatadora dor e consterna\u00e7\u00e3o.<\/p>\n\n\n\n<p>N\u00f3s membros do Comit\u00e9 Central da FRELIMO;<\/p>\n\n\n\n<p>N\u00f3s membros da Comiss\u00e3o Pol\u00edtica;<\/p>\n\n\n\n<p>N\u00f3s membros do Secretariado do Comit\u00e9 Central;<\/p>\n\n\n\n<p>N\u00f3s militantes da FRELIMO de todo o Pa\u00eds;<\/p>\n\n\n\n<p>N\u00f3s membros das Organiza\u00e7\u00f5es Sociais da FRELIMO; <\/p>\n\n\n\n<p>n\u00e3o encontramos palavras suficientes para exprimir o quanto esta partida sem regresso, abre nas nossas mentes e nas nossas almas, feridas dif\u00edceis de cicratizar.<\/p>\n\n\n\n<p>Resta-nos, por\u00e9m, o consolo de, perante o seu corpo inanimado, reafirmarmos aqui o nosso compromisso de prosseguir o seu legado, trilhando os caminhos do nosso ide\u00e1rio colectivo.<\/p>\n\n\n\n<p>A nossa homenagem ao Camarada Manuel Jorge Tom\u00e9, a nossa maior honra, ser\u00e1 prosseguirmos juntos a sua grande paix\u00e3o: servir com lealdade a nossa P\u00e1tria; servir com integridade o nosso Povo. \u00c0 camarada Maria Fernanda Teixeira, aos filhos e \u00e0 toda fam\u00edlia Tom\u00e9, vai toda a nossa solidariedade, e o carinho do nosso Partido.<\/p>\n\n\n\n<p>Temos consci\u00eancia de que nada poder\u00e1 suplantar a vossa dor, neste infort\u00fanio. Estamos convosco.<\/p>\n\n\n\n<p>Aos homens de grande dimens\u00e3o humana, elevada estrutura intelectual e s\u00f3lida estatura pol\u00edtica, que pelas suas qualidades \u00edmpares, se erguem \u00e0 dimens\u00e3o da Na\u00e7\u00e3o, como o Camarada Manuel Jorge Tom\u00e9, n\u00e3o se chora a sua partida eterna. Celebra-se a sua presen\u00e7a permanente nas nossas vidas.<\/p>\n\n\n\n<p><strong>At\u00e9 sempre Camarada Membro da Comiss\u00e3o Pol\u00edtica!<\/strong><\/p>\n\n\n\n<p><strong>At\u00e9 sempre Manuel Jorge Tom\u00e9!<\/strong><\/p>\n\n\n\n<p><strong>Que nesta derradeira despedida, Deus o tenha em eterno descanso!<\/strong><\/p>\n\n\n\n<p><strong>Chimoio, aos 30 de Mar\u00e7o de 2024<\/strong><\/p>\n","protected":false},"excerpt":{"rendered":"<p>MAPUTO, 30 DE MAR\u00c7O DE 2024 CAMARADA FILIPE JACINTO NYUSI, PRESIDENTE DA FRELIMO E PRESIDENTE DA REP\u00daBLICA DE MO\u00c7AMBIQUE CAMARADAS MEMBROS DA COMISS\u00c3O POLIT\u00cdCA CAMARADA MARIA FERNANDA TEIXEIRA PREZADA FAM\u00cdLIA TOM\u00c9 DISTINTOS PRESENTES No dia 25 de Mar\u00e7o corrente deixou de estar entre n\u00f3s um dos grandes \u00edcones da hist\u00f3ria recente do nosso Pa\u00eds, uma &hellip;<\/p>\n","protected":false},"author":1,"featured_media":4464,"comment_status":"closed","ping_status":"open","sticky":false,"template":"","format":"standard","meta":{"_jetpack_memberships_contains_paid_content":false,"footnotes":""},"categories":[7,5],"tags":[],"class_list":["post-4462","post","type-post","status-publish","format-standard","has-post-thumbnail","hentry","category-destaques","category-noticias"],"jetpack_featured_media_url":"https:\/\/www.frelimo.org.mz\/wp-content\/uploads\/2024\/03\/sg_mensagem_manuel_tome.jpeg","jetpack_sharing_enabled":true,"_links":{"self":[{"href":"https:\/\/www.frelimo.org.mz\/index.php?rest_route=\/wp\/v2\/posts\/4462","targetHints":{"allow":["GET"]}}],"collection":[{"href":"https:\/\/www.frelimo.org.mz\/index.php?rest_route=\/wp\/v2\/posts"}],"about":[{"href":"https:\/\/www.frelimo.org.mz\/index.php?rest_route=\/wp\/v2\/types\/post"}],"author":[{"embeddable":true,"href":"https:\/\/www.frelimo.org.mz\/index.php?rest_route=\/wp\/v2\/users\/1"}],"replies":[{"embeddable":true,"href":"https:\/\/www.frelimo.org.mz\/index.php?rest_route=%2Fwp%2Fv2%2Fcomments&post=4462"}],"version-history":[{"count":3,"href":"https:\/\/www.frelimo.org.mz\/index.php?rest_route=\/wp\/v2\/posts\/4462\/revisions"}],"predecessor-version":[{"id":4469,"href":"https:\/\/www.frelimo.org.mz\/index.php?rest_route=\/wp\/v2\/posts\/4462\/revisions\/4469"}],"wp:featuredmedia":[{"embeddable":true,"href":"https:\/\/www.frelimo.org.mz\/index.php?rest_route=\/wp\/v2\/media\/4464"}],"wp:attachment":[{"href":"https:\/\/www.frelimo.org.mz\/index.php?rest_route=%2Fwp%2Fv2%2Fmedia&parent=4462"}],"wp:term":[{"taxonomy":"category","embeddable":true,"href":"https:\/\/www.frelimo.org.mz\/index.php?rest_route=%2Fwp%2Fv2%2Fcategories&post=4462"},{"taxonomy":"post_tag","embeddable":true,"href":"https:\/\/www.frelimo.org.mz\/index.php?rest_route=%2Fwp%2Fv2%2Ftags&post=4462"}],"curies":[{"name":"wp","href":"https:\/\/api.w.org\/{rel}","templated":true}]}}