{"id":4449,"date":"2024-03-26T12:12:14","date_gmt":"2024-03-26T10:12:14","guid":{"rendered":"https:\/\/www.frelimo.org.mz\/?p=4449"},"modified":"2024-03-26T12:15:08","modified_gmt":"2024-03-26T10:15:08","slug":"considera-sg-da-frelimo-morte-de-manuel-tome-e-perda-de-toda-sociedade","status":"publish","type":"post","link":"https:\/\/www.frelimo.org.mz\/?p=4449","title":{"rendered":"CONSIDERA SG DA FRELIMO: Morte de Manuel Tom\u00e9 \u00e9 perda de toda sociedade"},"content":{"rendered":"\n<p>A Morte, na manh\u00e3 de hoje, de Manuel Tom\u00e9, membro da Comiss\u00e3o Pol\u00edtica da FRELIMO, n\u00e3o \u00e9 apenas uma perda para este partido politico, mas para toda a sociedade mo\u00e7ambicana, pelo importante contributo que, em vida, ele deu para a solu\u00e7\u00e3o dos problemas de desenvolvimento e bem-estar dos mo\u00e7ambicanos.<\/p>\n\n\n\n<p>Esta afirma\u00e7\u00e3o foi feita nesta tarde pelo Secret\u00e1rio Geral da FRELIMO, Roque Silva, momentos depois de prestar condol\u00eancias a familia.<\/p>\n\n\n\n<p>&#8221; Posso dizer com muita seguran\u00e7a que n\u00e3o foi s\u00f3 a FRELIMO que perdeu um grande homem, mas toda a sociedade, porque ele era uma pessoa para homens e mulheres, jovens e crian\u00e7as, para pol\u00edticos, desportistas, artistas de todo o tipo, mas acima de tudo um cidad\u00e3o bastante comprometido com o bem-estar de todos&#8221; destacou.<\/p>\n\n\n\n<p>Para o Secret\u00e1rio-Geral da Frelimo, Manuel Tom\u00e9 era um homem inconformado com o sofrimento do seu pr\u00f3ximo, dispon\u00edvel para ajudar o seu pa\u00eds e a resolver problemas da vida e da sociedade, dai considerar ser muito dif\u00edcil descrever esta figura sobretudo pela forma como transformou o seu nome em grande marca de l\u00edder e de um homem da sociedade.<\/p>\n\n\n\n<p>&#8220;Pessoalmente aprendi muito dele porque era um homem muito focado na pol\u00edtica, mas uma pol\u00edtica feita n\u00e3o para agradar camaradas, mas para resolver problemas da sociedade. Manuel Tom\u00e9 foi daqueles que sempre dizia que n\u00f3s temos de exercer os nossos cargos com os olhos postos na solu\u00e7\u00e3o dos problemas dos que sofrem, n\u00e3o encarava a pol\u00edtica como um meio para ganhar destaque como individuo, mas como um instrumento de realiza\u00e7\u00e3o de sonhos de todos os mo\u00e7ambicanos.<\/p>\n\n\n\n<p>Destacou que o maior legado de Manuel Tome \u00e9 lembrar que &#8220;somos a FRELIMO porque existe uma sociedade que precisa dos seus servi\u00e7os, que somos FRELIMO porque a popula\u00e7\u00e3o precisa de remover aquilo que s\u00e3o obst\u00e1culos do desenvolvimento, somos FRELIMO porque existe um povo e se n\u00f3s n\u00e3o estamos atentos a esse povo, ent\u00e3o deixamos de fazer sentido de exist\u00eancia como partido, esta \u00e9 a marca que vamos continuar a perseguir\u201d.<\/p>\n","protected":false},"excerpt":{"rendered":"<p>A Morte, na manh\u00e3 de hoje, de Manuel Tom\u00e9, membro da Comiss\u00e3o Pol\u00edtica da FRELIMO, n\u00e3o \u00e9 apenas uma perda para este partido politico, mas para toda a sociedade mo\u00e7ambicana, pelo importante contributo que, em vida, ele deu para a solu\u00e7\u00e3o dos problemas de desenvolvimento e bem-estar dos mo\u00e7ambicanos. Esta afirma\u00e7\u00e3o foi feita nesta tarde &hellip;<\/p>\n","protected":false},"author":1,"featured_media":4452,"comment_status":"closed","ping_status":"open","sticky":false,"template":"","format":"standard","meta":{"_jetpack_memberships_contains_paid_content":false,"footnotes":""},"categories":[7],"tags":[],"class_list":["post-4449","post","type-post","status-publish","format-standard","has-post-thumbnail","hentry","category-destaques"],"jetpack_featured_media_url":"https:\/\/www.frelimo.org.mz\/wp-content\/uploads\/2024\/03\/sg_morte_manuel_tome2.jpg","jetpack_sharing_enabled":true,"_links":{"self":[{"href":"https:\/\/www.frelimo.org.mz\/index.php?rest_route=\/wp\/v2\/posts\/4449","targetHints":{"allow":["GET"]}}],"collection":[{"href":"https:\/\/www.frelimo.org.mz\/index.php?rest_route=\/wp\/v2\/posts"}],"about":[{"href":"https:\/\/www.frelimo.org.mz\/index.php?rest_route=\/wp\/v2\/types\/post"}],"author":[{"embeddable":true,"href":"https:\/\/www.frelimo.org.mz\/index.php?rest_route=\/wp\/v2\/users\/1"}],"replies":[{"embeddable":true,"href":"https:\/\/www.frelimo.org.mz\/index.php?rest_route=%2Fwp%2Fv2%2Fcomments&post=4449"}],"version-history":[{"count":1,"href":"https:\/\/www.frelimo.org.mz\/index.php?rest_route=\/wp\/v2\/posts\/4449\/revisions"}],"predecessor-version":[{"id":4451,"href":"https:\/\/www.frelimo.org.mz\/index.php?rest_route=\/wp\/v2\/posts\/4449\/revisions\/4451"}],"wp:featuredmedia":[{"embeddable":true,"href":"https:\/\/www.frelimo.org.mz\/index.php?rest_route=\/wp\/v2\/media\/4452"}],"wp:attachment":[{"href":"https:\/\/www.frelimo.org.mz\/index.php?rest_route=%2Fwp%2Fv2%2Fmedia&parent=4449"}],"wp:term":[{"taxonomy":"category","embeddable":true,"href":"https:\/\/www.frelimo.org.mz\/index.php?rest_route=%2Fwp%2Fv2%2Fcategories&post=4449"},{"taxonomy":"post_tag","embeddable":true,"href":"https:\/\/www.frelimo.org.mz\/index.php?rest_route=%2Fwp%2Fv2%2Ftags&post=4449"}],"curies":[{"name":"wp","href":"https:\/\/api.w.org\/{rel}","templated":true}]}}