{"id":4412,"date":"2024-03-04T09:30:50","date_gmt":"2024-03-04T07:30:50","guid":{"rendered":"https:\/\/www.frelimo.org.mz\/?p=4412"},"modified":"2024-03-04T09:30:50","modified_gmt":"2024-03-04T07:30:50","slug":"roque-silva-apela-a-conjugacao-de-esforcos-para-desenvolver-mocambique","status":"publish","type":"post","link":"https:\/\/www.frelimo.org.mz\/?p=4412","title":{"rendered":"Roque Silva apela \u00e0 conjuga\u00e7\u00e3o de esfor\u00e7os para desenvolver Mo\u00e7ambique"},"content":{"rendered":"\n<p>O Secret\u00e1rio -geral da FRELIMO, Roque Silva, apelou na manh\u00e3 deste s\u00e1bado, a comunidade mo\u00e7ambicana com quem se reuniu nos arredores Sandton, no \u00e2mbito da visita que efectua a \u00c1frica do Sul, a conjuga\u00e7\u00e3o de esfor\u00e7os e saberes na busca de solu\u00e7\u00f5es para os problemas que enfrentam naquele pa\u00eds vizinho no seu dia a dia.O dirigente que falava num sal\u00e3o lotado, come\u00e7ou por partilhar as principais incid\u00eancias do pa\u00eds convidando os mo\u00e7ambicanos residentes na \u00c1frica do Sul a assumitem o sentido de amor \u00e0 p\u00e1tria contribuindo para o progresso e o desenvolvimento de Mo\u00e7ambique.Roque Silva apelou ainda a todos a assumirem que o desenvolvimento requer esfor\u00e7os e sacrif\u00edcios de todos e que, os resultados s\u00f3 aparecem vencendo etapas.Destacou os esfor\u00e7os do Presidente Nyusi na erradica\u00e7\u00e3o do terrorismo, cujos resultados s\u00e3o positivos apesar de focos de amea\u00e7a em alguns pontos de cabo delgado e que quase violentam o desenvolvimento econ\u00f3mico. Na sua mensagem a comunidade mo\u00e7ambicana residente na \u00c1frica do Sul, para al\u00e9m de dar boas vindas ao Secret\u00e1rio Geral, agradeceu pelo encontro, apresentou preocupa\u00e7\u00f5es que v\u00e3o desde as dificuldades de acesso aos documentos de identifica\u00e7\u00e3o que facilitem o acesso das crian\u00e7as ao \u00e0 Escola cujos pais s\u00e3o mo\u00e7ambicanos, a extens\u00e3o do tempo de validade dos vistos, o elevado custo para a obten\u00e7\u00e3o do passaporte fixado em 1500 randes, entre outras. Em reposta, o SG, disse ter anotado todas as preocupa\u00e7\u00f5es, tendo assumido o compromisso de as encaminhar as entidades Governamentais competentes e apelado ao uso correcto das oportunidades que Governo de Mo\u00e7ambique tem criado naquele pa\u00eds tais como o acesso ao registo das crian\u00e7as que nascem naquele pa\u00eds nos consulados mo\u00e7ambicanos ali instalados, o sistema j\u00e1 operacional que permite a obten\u00e7\u00e3o do BI e do passaporte na Embaixada mo\u00e7ambicana naquele pa\u00eds apesar do elevado custo reclamado para a obten\u00e7\u00e3o do passaporte.<\/p>\n","protected":false},"excerpt":{"rendered":"<p>O Secret\u00e1rio -geral da FRELIMO, Roque Silva, apelou na manh\u00e3 deste s\u00e1bado, a comunidade mo\u00e7ambicana com quem se reuniu nos arredores Sandton, no \u00e2mbito da visita que efectua a \u00c1frica do Sul, a conjuga\u00e7\u00e3o de esfor\u00e7os e saberes na busca de solu\u00e7\u00f5es para os problemas que enfrentam naquele pa\u00eds vizinho no seu dia a dia.O &hellip;<\/p>\n","protected":false},"author":2,"featured_media":4413,"comment_status":"closed","ping_status":"open","sticky":false,"template":"","format":"standard","meta":{"_jetpack_memberships_contains_paid_content":false,"footnotes":""},"categories":[7],"tags":[],"class_list":["post-4412","post","type-post","status-publish","format-standard","has-post-thumbnail","hentry","category-destaques"],"jetpack_featured_media_url":"https:\/\/www.frelimo.org.mz\/wp-content\/uploads\/2024\/03\/IMG-20240304-WA0011.jpg","jetpack_sharing_enabled":true,"_links":{"self":[{"href":"https:\/\/www.frelimo.org.mz\/index.php?rest_route=\/wp\/v2\/posts\/4412","targetHints":{"allow":["GET"]}}],"collection":[{"href":"https:\/\/www.frelimo.org.mz\/index.php?rest_route=\/wp\/v2\/posts"}],"about":[{"href":"https:\/\/www.frelimo.org.mz\/index.php?rest_route=\/wp\/v2\/types\/post"}],"author":[{"embeddable":true,"href":"https:\/\/www.frelimo.org.mz\/index.php?rest_route=\/wp\/v2\/users\/2"}],"replies":[{"embeddable":true,"href":"https:\/\/www.frelimo.org.mz\/index.php?rest_route=%2Fwp%2Fv2%2Fcomments&post=4412"}],"version-history":[{"count":1,"href":"https:\/\/www.frelimo.org.mz\/index.php?rest_route=\/wp\/v2\/posts\/4412\/revisions"}],"predecessor-version":[{"id":4414,"href":"https:\/\/www.frelimo.org.mz\/index.php?rest_route=\/wp\/v2\/posts\/4412\/revisions\/4414"}],"wp:featuredmedia":[{"embeddable":true,"href":"https:\/\/www.frelimo.org.mz\/index.php?rest_route=\/wp\/v2\/media\/4413"}],"wp:attachment":[{"href":"https:\/\/www.frelimo.org.mz\/index.php?rest_route=%2Fwp%2Fv2%2Fmedia&parent=4412"}],"wp:term":[{"taxonomy":"category","embeddable":true,"href":"https:\/\/www.frelimo.org.mz\/index.php?rest_route=%2Fwp%2Fv2%2Fcategories&post=4412"},{"taxonomy":"post_tag","embeddable":true,"href":"https:\/\/www.frelimo.org.mz\/index.php?rest_route=%2Fwp%2Fv2%2Ftags&post=4412"}],"curies":[{"name":"wp","href":"https:\/\/api.w.org\/{rel}","templated":true}]}}