{"id":4401,"date":"2024-02-27T10:09:21","date_gmt":"2024-02-27T08:09:21","guid":{"rendered":"https:\/\/www.frelimo.org.mz\/?p=4401"},"modified":"2024-02-27T15:51:05","modified_gmt":"2024-02-27T13:51:05","slug":"comissao-politica-comunicado-de-imprensa-16-02-2024","status":"publish","type":"post","link":"https:\/\/www.frelimo.org.mz\/?p=4401","title":{"rendered":"COMUNICADO DE IMPRENSA 26-02-2024"},"content":{"rendered":"\n<p>Sob Direc\u00e7\u00e3o do Camarada FILIPE JACINTO NYUSI, Presidente da FRELIMO e Presidente da Rep\u00fablica de Mo\u00e7ambique, teve lugar no dia 26 de Fevereiro de 2024, na Sede Nacional da FRELIMO, a 20\u00aa Sess\u00e3o Ordin\u00e1ria da Comiss\u00e3o Pol\u00edtica, para analisar a actual situa\u00e7\u00e3o pol\u00edtica, econ\u00f3mica e s\u00f3cio-cultural do pa\u00eds.<\/p>\n\n\n\n<p>Encontre a seguir o respectivo comunicado de imprensa.<\/p>\n\n\n\n<div data-wp-interactive=\"core\/file\" class=\"wp-block-file\"><object data-wp-bind--hidden=\"!state.hasPdfPreview\" hidden class=\"wp-block-file__embed\" data=\"https:\/\/www.frelimo.org.mz\/wp-content\/uploads\/2024\/02\/CP20-2.pdf\" type=\"application\/pdf\" style=\"width:100%;height:600px\" aria-label=\"Incorpora\u00e7\u00e3o de CP20-2.\"><\/object><a id=\"wp-block-file--media-b0c7206f-870b-47d3-ad30-118691165d69\" href=\"https:\/\/www.frelimo.org.mz\/wp-content\/uploads\/2024\/02\/CP20-2.pdf\">CP20-2<\/a><a href=\"https:\/\/www.frelimo.org.mz\/wp-content\/uploads\/2024\/02\/CP20-2.pdf\" class=\"wp-block-file__button wp-element-button\" download aria-describedby=\"wp-block-file--media-b0c7206f-870b-47d3-ad30-118691165d69\">Descarregar<\/a><\/div>\n","protected":false},"excerpt":{"rendered":"<p>Sob Direc\u00e7\u00e3o do Camarada FILIPE JACINTO NYUSI, Presidente da FRELIMO e Presidente da Rep\u00fablica de Mo\u00e7ambique, teve lugar no dia 26 de Fevereiro de 2024, na Sede Nacional da FRELIMO, a 20\u00aa Sess\u00e3o Ordin\u00e1ria da Comiss\u00e3o Pol\u00edtica, para analisar a actual situa\u00e7\u00e3o pol\u00edtica, econ\u00f3mica e s\u00f3cio-cultural do pa\u00eds. Encontre a seguir o respectivo comunicado de &hellip;<\/p>\n","protected":false},"author":1,"featured_media":4405,"comment_status":"closed","ping_status":"open","sticky":false,"template":"","format":"standard","meta":{"_jetpack_memberships_contains_paid_content":false,"footnotes":""},"categories":[7,24],"tags":[],"class_list":["post-4401","post","type-post","status-publish","format-standard","has-post-thumbnail","hentry","category-destaques","category-imprensa"],"jetpack_featured_media_url":"https:\/\/www.frelimo.org.mz\/wp-content\/uploads\/2024\/02\/comunicado2.jpg","jetpack_sharing_enabled":true,"_links":{"self":[{"href":"https:\/\/www.frelimo.org.mz\/index.php?rest_route=\/wp\/v2\/posts\/4401","targetHints":{"allow":["GET"]}}],"collection":[{"href":"https:\/\/www.frelimo.org.mz\/index.php?rest_route=\/wp\/v2\/posts"}],"about":[{"href":"https:\/\/www.frelimo.org.mz\/index.php?rest_route=\/wp\/v2\/types\/post"}],"author":[{"embeddable":true,"href":"https:\/\/www.frelimo.org.mz\/index.php?rest_route=\/wp\/v2\/users\/1"}],"replies":[{"embeddable":true,"href":"https:\/\/www.frelimo.org.mz\/index.php?rest_route=%2Fwp%2Fv2%2Fcomments&post=4401"}],"version-history":[{"count":0,"href":"https:\/\/www.frelimo.org.mz\/index.php?rest_route=\/wp\/v2\/posts\/4401\/revisions"}],"wp:featuredmedia":[{"embeddable":true,"href":"https:\/\/www.frelimo.org.mz\/index.php?rest_route=\/wp\/v2\/media\/4405"}],"wp:attachment":[{"href":"https:\/\/www.frelimo.org.mz\/index.php?rest_route=%2Fwp%2Fv2%2Fmedia&parent=4401"}],"wp:term":[{"taxonomy":"category","embeddable":true,"href":"https:\/\/www.frelimo.org.mz\/index.php?rest_route=%2Fwp%2Fv2%2Fcategories&post=4401"},{"taxonomy":"post_tag","embeddable":true,"href":"https:\/\/www.frelimo.org.mz\/index.php?rest_route=%2Fwp%2Fv2%2Ftags&post=4401"}],"curies":[{"name":"wp","href":"https:\/\/api.w.org\/{rel}","templated":true}]}}