{"id":4356,"date":"2023-12-20T09:21:09","date_gmt":"2023-12-20T07:21:09","guid":{"rendered":"https:\/\/www.frelimo.org.mz\/?p=4356"},"modified":"2023-12-20T09:21:10","modified_gmt":"2023-12-20T07:21:10","slug":"sg-da-frelimo-interage-com-orgaos-do-partido","status":"publish","type":"post","link":"https:\/\/www.frelimo.org.mz\/?p=4356","title":{"rendered":"SG DA FRELIMO INTERAGE COM \u00d3RG\u00c3OS DO PARTIDO"},"content":{"rendered":"\n<p>NA DI\u00c1SPORA<\/p>\n\n\n\n<p>O SECRET\u00c1RIO-GERAL da FRELIMO, Roque Silva, interagiu, na manh\u00e3 de hoje (19), com os secretariados dos Comit\u00e9s de Zona e de C\u00edrculo da \u00c1frica do Sul, Zimbabwe, Botswana, Angola, Tanz\u00e2nia, Qu\u00eania, na \u00c1frica; Fran\u00e7a, Alemanha, Portugal, na Europa; e Jap\u00e3o, na \u00c1sia; com quem partilhou informa\u00e7\u00f5es sobre a situa\u00e7\u00e3o pol\u00edtica, econ\u00f3mica e social do pa\u00eds, com destaque para os resultados das \u00faltimas elei\u00e7\u00f5es aut\u00e1rquicas, realizadas a 11 de Outubro, e sobre a restaura\u00e7\u00e3o da ordem e seguran\u00e7a em Cabo Delgado.<\/p>\n\n\n\n<p>Realizado em formato virtual, o encontro foi alargado aos secretariados das c\u00e9lulas do partido, das Organiza\u00e7\u00f5es da Mulher Mo\u00e7ambicana (OMM) e da Juventude Mo\u00e7ambicana (OJM), igualmente na di\u00e1spora.<\/p>\n\n\n\n<p>Na ocasi\u00e3o, Roque Silva esclareceu que o actual clima de estabilidade que se vive na prov\u00edncia de Cabo Delgado, e o bom desempenho da economia nacional s\u00e3o resultados da s\u00e1bia lideran\u00e7a, vis\u00e3o esclarecida e empenho pessoal do camarada Presidente, Filipe Jacinto Nyusi.<\/p>\n\n\n\n<p>Ao usarem da palavra, os quadros do partido na di\u00e1spora convergiram na manifesta\u00e7\u00e3o de satisfa\u00e7\u00e3o pelo gesto do Secret\u00e1rio-Geral da Frelimo, de manter-lhes informados e actualizados sobre o est\u00e1gio actual do partido e do pa\u00eds, em geral.<\/p>\n\n\n\n<p>Saudaram a vit\u00f3ria da FRELIMO nas elei\u00e7\u00f5es aut\u00e1rquicas e o empenho do Camarada Presidente no processo de desenvolvimento.<\/p>\n\n\n\n<p>Falaram do trabalho em curso na di\u00e1spora para o fortalecimento do Partido e da sua determina\u00e7\u00e3o para a vit\u00f3ria nas elei\u00e7\u00f5es gerais de 2024.<\/p>\n\n\n\n<p>Lamentaram a onda desinforma\u00e7\u00e3o que tem circulado nas redes sociais com o fim \u00fanico de confundir a opini\u00e3o p\u00fablica com impacto negativo sobretudo na juventude.<\/p>\n\n\n\n<p>Sobre isto lan\u00e7aram o apelo no sentido de nos unirmos na luta contra este fen\u00f4meno que nos pode desviar da agenda de desenvolvimento que de forma conseguida o pa\u00eds est\u00e1 a implementar e com resultados positivos.<\/p>\n","protected":false},"excerpt":{"rendered":"<p>NA DI\u00c1SPORA O SECRET\u00c1RIO-GERAL da FRELIMO, Roque Silva, interagiu, na manh\u00e3 de hoje (19), com os secretariados dos Comit\u00e9s de Zona e de C\u00edrculo da \u00c1frica do Sul, Zimbabwe, Botswana, Angola, Tanz\u00e2nia, Qu\u00eania, na \u00c1frica; Fran\u00e7a, Alemanha, Portugal, na Europa; e Jap\u00e3o, na \u00c1sia; com quem partilhou informa\u00e7\u00f5es sobre a situa\u00e7\u00e3o pol\u00edtica, econ\u00f3mica e social &hellip;<\/p>\n","protected":false},"author":2,"featured_media":4357,"comment_status":"open","ping_status":"open","sticky":false,"template":"","format":"standard","meta":{"_jetpack_memberships_contains_paid_content":false,"footnotes":""},"categories":[7],"tags":[],"class_list":["post-4356","post","type-post","status-publish","format-standard","has-post-thumbnail","hentry","category-destaques"],"jetpack_featured_media_url":"https:\/\/www.frelimo.org.mz\/wp-content\/uploads\/2023\/12\/IMG-20231220-WA0015.jpg","jetpack_sharing_enabled":true,"_links":{"self":[{"href":"https:\/\/www.frelimo.org.mz\/index.php?rest_route=\/wp\/v2\/posts\/4356","targetHints":{"allow":["GET"]}}],"collection":[{"href":"https:\/\/www.frelimo.org.mz\/index.php?rest_route=\/wp\/v2\/posts"}],"about":[{"href":"https:\/\/www.frelimo.org.mz\/index.php?rest_route=\/wp\/v2\/types\/post"}],"author":[{"embeddable":true,"href":"https:\/\/www.frelimo.org.mz\/index.php?rest_route=\/wp\/v2\/users\/2"}],"replies":[{"embeddable":true,"href":"https:\/\/www.frelimo.org.mz\/index.php?rest_route=%2Fwp%2Fv2%2Fcomments&post=4356"}],"version-history":[{"count":1,"href":"https:\/\/www.frelimo.org.mz\/index.php?rest_route=\/wp\/v2\/posts\/4356\/revisions"}],"predecessor-version":[{"id":4358,"href":"https:\/\/www.frelimo.org.mz\/index.php?rest_route=\/wp\/v2\/posts\/4356\/revisions\/4358"}],"wp:featuredmedia":[{"embeddable":true,"href":"https:\/\/www.frelimo.org.mz\/index.php?rest_route=\/wp\/v2\/media\/4357"}],"wp:attachment":[{"href":"https:\/\/www.frelimo.org.mz\/index.php?rest_route=%2Fwp%2Fv2%2Fmedia&parent=4356"}],"wp:term":[{"taxonomy":"category","embeddable":true,"href":"https:\/\/www.frelimo.org.mz\/index.php?rest_route=%2Fwp%2Fv2%2Fcategories&post=4356"},{"taxonomy":"post_tag","embeddable":true,"href":"https:\/\/www.frelimo.org.mz\/index.php?rest_route=%2Fwp%2Fv2%2Ftags&post=4356"}],"curies":[{"name":"wp","href":"https:\/\/api.w.org\/{rel}","templated":true}]}}