{"id":4309,"date":"2023-11-08T17:48:50","date_gmt":"2023-11-08T15:48:50","guid":{"rendered":"https:\/\/www.frelimo.org.mz\/?p=4309"},"modified":"2023-11-08T17:48:50","modified_gmt":"2023-11-08T15:48:50","slug":"paunde-apela-respeito-pelos-orgaos-eleitorais","status":"publish","type":"post","link":"https:\/\/www.frelimo.org.mz\/?p=4309","title":{"rendered":"PA\u00daNDE APELA RESPEITO PELOS \u00d3RG\u00c3OS ELEITORAIS"},"content":{"rendered":"\n<p><\/p>\n\n\n\n<p>O Membro da Comiss\u00e3o Pol\u00edtica da FRELIMO e antigo Secret\u00e1rio-Geral desta forma\u00e7\u00e3o pol\u00edtica, Filipe Chimoio Pa\u00fande, apela aos partidos pol\u00edticos a saberem respeitar as decis\u00f5es tomadas pelos \u00f3rg\u00e3os eleitorais, pois, segundo ele, isso faz parte da maturidade pol\u00edtica que os intervenientes devem manifestar nestes processos.<\/p>\n\n\n\n<p>Pa\u00fande que falava na \u00faltima quarta-feira em Maputo, aos \u00f3rg\u00e3os de comunica\u00e7\u00e3o social, para reflex\u00e3o em volta do processo das elei\u00e7\u00f5es aut\u00e1rquicas de 11 de Outubro, disse haver necessidade de todos os actores pol\u00edticos e sociais, evitarem ao m\u00e1ximo, envolver-se em actos de manifesta\u00e7\u00f5es que resultam na vandaliza\u00e7\u00e3o de bens p\u00fablicos e privados, o que n\u00e3o ajuda na consolida\u00e7\u00e3o da democracia.<\/p>\n\n\n\n<p>\u201cNum momento em que os mo\u00e7ambicanos ainda aguardam pelo an\u00fancio dos resultados definitivos pelo Conselho Constitucional, \u00e9 inconceb\u00edvel tomar-se iniciativa de promover marchas, com envolvimento de jovens, em protestos aos resultados eleitorais. Chamamos a consci\u00eancia dos cidad\u00e3os no sentido de n\u00e3o aderirem a estes movimentos, que s\u00f3 perturbam a ordem e tranquilidade p\u00fablicas\u201d, criticou Pa\u00fande.<\/p>\n\n\n\n<p>Filipe Pa\u00fande reiterou os apelos \u00e0 maturidade no seio dos partidos nestes processos e deixarem os \u00f3rg\u00e3os eleitorais competentes fazerem o seu trabalho, conforme ditam as leis. \u201cO Partido FRELIMO aguarda, com toda serenidade, os resultados eleitorais a serem anunciados pelo Conselho Constitucional\u201d, disse.<\/p>\n","protected":false},"excerpt":{"rendered":"<p>O Membro da Comiss\u00e3o Pol\u00edtica da FRELIMO e antigo Secret\u00e1rio-Geral desta forma\u00e7\u00e3o pol\u00edtica, Filipe Chimoio Pa\u00fande, apela aos partidos pol\u00edticos a saberem respeitar as decis\u00f5es tomadas pelos \u00f3rg\u00e3os eleitorais, pois, segundo ele, isso faz parte da maturidade pol\u00edtica que os intervenientes devem manifestar nestes processos. Pa\u00fande que falava na \u00faltima quarta-feira em Maputo, aos \u00f3rg\u00e3os &hellip;<\/p>\n","protected":false},"author":2,"featured_media":4310,"comment_status":"open","ping_status":"open","sticky":false,"template":"","format":"standard","meta":{"_jetpack_memberships_contains_paid_content":false,"footnotes":""},"categories":[7],"tags":[],"class_list":["post-4309","post","type-post","status-publish","format-standard","has-post-thumbnail","hentry","category-destaques"],"jetpack_featured_media_url":"https:\/\/www.frelimo.org.mz\/wp-content\/uploads\/2023\/11\/FB_IMG_1699458461492.jpg","jetpack_sharing_enabled":true,"_links":{"self":[{"href":"https:\/\/www.frelimo.org.mz\/index.php?rest_route=\/wp\/v2\/posts\/4309","targetHints":{"allow":["GET"]}}],"collection":[{"href":"https:\/\/www.frelimo.org.mz\/index.php?rest_route=\/wp\/v2\/posts"}],"about":[{"href":"https:\/\/www.frelimo.org.mz\/index.php?rest_route=\/wp\/v2\/types\/post"}],"author":[{"embeddable":true,"href":"https:\/\/www.frelimo.org.mz\/index.php?rest_route=\/wp\/v2\/users\/2"}],"replies":[{"embeddable":true,"href":"https:\/\/www.frelimo.org.mz\/index.php?rest_route=%2Fwp%2Fv2%2Fcomments&post=4309"}],"version-history":[{"count":0,"href":"https:\/\/www.frelimo.org.mz\/index.php?rest_route=\/wp\/v2\/posts\/4309\/revisions"}],"wp:featuredmedia":[{"embeddable":true,"href":"https:\/\/www.frelimo.org.mz\/index.php?rest_route=\/wp\/v2\/media\/4310"}],"wp:attachment":[{"href":"https:\/\/www.frelimo.org.mz\/index.php?rest_route=%2Fwp%2Fv2%2Fmedia&parent=4309"}],"wp:term":[{"taxonomy":"category","embeddable":true,"href":"https:\/\/www.frelimo.org.mz\/index.php?rest_route=%2Fwp%2Fv2%2Fcategories&post=4309"},{"taxonomy":"post_tag","embeddable":true,"href":"https:\/\/www.frelimo.org.mz\/index.php?rest_route=%2Fwp%2Fv2%2Ftags&post=4309"}],"curies":[{"name":"wp","href":"https:\/\/api.w.org\/{rel}","templated":true}]}}