{"id":4280,"date":"2023-10-06T17:54:43","date_gmt":"2023-10-06T15:54:43","guid":{"rendered":"https:\/\/www.frelimo.org.mz\/?p=4280"},"modified":"2023-10-06T17:54:44","modified_gmt":"2023-10-06T15:54:44","slug":"roque-silva-apela-ao-voto-responsavel-na-cidade-de-maputo","status":"publish","type":"post","link":"https:\/\/www.frelimo.org.mz\/?p=4280","title":{"rendered":"ROQUE SILVA APELA AO VOTO RESPONS\u00c1VEL NA CIDADE DE MAPUTO"},"content":{"rendered":"\n<p>RUMO \u00c0 VIT\u00d3RIA DA FRELIMO NAS AUT\u00c1RQUICAS<\/p>\n\n\n\n<p><\/p>\n\n\n\n<p>Num exerc\u00edcio de conquista ao eleitorado, que vai j\u00e1 no seu 11\u00ba dia, o Secret\u00e1rio-geral da FRELIMO, Roque Silva, apelou hoje (06\/10) aos mun\u00edcipes da cidade de Maputo a tomarem uma decis\u00e3o respons\u00e1vel no dia 11 de Outubro, votando na lista deste partido, por ser a que melhores propostas apresenta para continuar a solucionar os problemas deste munic\u00edpio.<\/p>\n\n\n\n<figure class=\"wp-block-gallery has-nested-images columns-default is-cropped wp-block-gallery-1 is-layout-flex wp-block-gallery-is-layout-flex\"><\/figure>\n\n\n\n<p>&#8220;Se \u00e9 verdade que temos que decidir de forma muito segura por todos os munic\u00edpios no dia 11 de Outubro, \u00e9 muito mais verdade que em rela\u00e7\u00e3o \u00e0 capital do pa\u00eds a decis\u00e3o deve ser de muita e alta responsabilidade. Maputo \u00e9 o espelho do Pa\u00eds. \u00c9 aqui onde o pa\u00eds se rev\u00ea e se revela, e n\u00f3s, como FRELIMO, temos a responsabilidade de assegurar uma decis\u00e3o que garanta o prest\u00edgio de Mo\u00e7ambique, a vit\u00f3ria do nosso Partido, disse Roque Silva, apelando aos eleitores a irem votar de cabe\u00e7a erguida e com muita concentra\u00e7\u00e3o nesta direc\u00e7\u00e3o.<\/p>\n\n\n\n<p>Acrescentou que votar na FRELIMO \u00e9 continuar a assegurar uma boa gest\u00e3o desta autarquia, tendo dado destaque \u00e1s qualidades do cabe\u00e7a-de-lista da Frelimo para a cidade de Maputo, o Camarada Razak Manhique, as quais n\u00e3o deixam d\u00favidas que tenha sido escolhido um candidato com uma vis\u00e3o e capacidade de inova\u00e7\u00e3o, jovem com capacidade de correr de forma mais c\u00e9lere, na busca de solu\u00e7\u00f5es para os problemas b\u00e1sicos da popula\u00e7\u00e3o.<\/p>\n\n\n\n<p>Para Roque Silva, \u201cs\u00f3 \u00e9 poss\u00edvel manter a capital do pa\u00eds no seu devido lugar com a lideran\u00e7a da FRELIMO, dai a necessidade de os membros e simpatizantes intensificarem a mobiliza\u00e7\u00e3o aos eleitores para confiarem na agenda deste partido.<\/p>\n","protected":false},"excerpt":{"rendered":"<p>RUMO \u00c0 VIT\u00d3RIA DA FRELIMO NAS AUT\u00c1RQUICAS Num exerc\u00edcio de conquista ao eleitorado, que vai j\u00e1 no seu 11\u00ba dia, o Secret\u00e1rio-geral da FRELIMO, Roque Silva, apelou hoje (06\/10) aos mun\u00edcipes da cidade de Maputo a tomarem uma decis\u00e3o respons\u00e1vel no dia 11 de Outubro, votando na lista deste partido, por ser a que melhores &hellip;<\/p>\n","protected":false},"author":2,"featured_media":4281,"comment_status":"open","ping_status":"open","sticky":false,"template":"","format":"standard","meta":{"_jetpack_memberships_contains_paid_content":false,"footnotes":""},"categories":[7],"tags":[],"class_list":["post-4280","post","type-post","status-publish","format-standard","has-post-thumbnail","hentry","category-destaques"],"jetpack_featured_media_url":"https:\/\/www.frelimo.org.mz\/wp-content\/uploads\/2023\/10\/IMG-20231006-WA0088.jpg","jetpack_sharing_enabled":true,"_links":{"self":[{"href":"https:\/\/www.frelimo.org.mz\/index.php?rest_route=\/wp\/v2\/posts\/4280","targetHints":{"allow":["GET"]}}],"collection":[{"href":"https:\/\/www.frelimo.org.mz\/index.php?rest_route=\/wp\/v2\/posts"}],"about":[{"href":"https:\/\/www.frelimo.org.mz\/index.php?rest_route=\/wp\/v2\/types\/post"}],"author":[{"embeddable":true,"href":"https:\/\/www.frelimo.org.mz\/index.php?rest_route=\/wp\/v2\/users\/2"}],"replies":[{"embeddable":true,"href":"https:\/\/www.frelimo.org.mz\/index.php?rest_route=%2Fwp%2Fv2%2Fcomments&post=4280"}],"version-history":[{"count":0,"href":"https:\/\/www.frelimo.org.mz\/index.php?rest_route=\/wp\/v2\/posts\/4280\/revisions"}],"wp:featuredmedia":[{"embeddable":true,"href":"https:\/\/www.frelimo.org.mz\/index.php?rest_route=\/wp\/v2\/media\/4281"}],"wp:attachment":[{"href":"https:\/\/www.frelimo.org.mz\/index.php?rest_route=%2Fwp%2Fv2%2Fmedia&parent=4280"}],"wp:term":[{"taxonomy":"category","embeddable":true,"href":"https:\/\/www.frelimo.org.mz\/index.php?rest_route=%2Fwp%2Fv2%2Fcategories&post=4280"},{"taxonomy":"post_tag","embeddable":true,"href":"https:\/\/www.frelimo.org.mz\/index.php?rest_route=%2Fwp%2Fv2%2Ftags&post=4280"}],"curies":[{"name":"wp","href":"https:\/\/api.w.org\/{rel}","templated":true}]}}