{"id":3886,"date":"2023-05-26T13:11:00","date_gmt":"2023-05-26T13:11:00","guid":{"rendered":"https:\/\/www.frelimo.org.mz\/?p=3886"},"modified":"2023-05-26T13:11:00","modified_gmt":"2023-05-26T13:11:00","slug":"presidente-da-republica-dirige-encerramento-do-43o-curso-basico-da-policia-da-republica-de-mocambique-prm","status":"publish","type":"post","link":"https:\/\/www.frelimo.org.mz\/?p=3886","title":{"rendered":"PRESIDENTE DA REP\u00daBLICA DIRIGE ENCERRAMENTO DO 43\u00ba CURSO B\u00c1SICO DA POL\u00cdCIA DA REP\u00daBLICA DE MO\u00c7AMBIQUE (PRM)"},"content":{"rendered":"\n<p>O Presidente da Rep\u00fablica e Comandante-Chefe das For\u00e7as de Defesa e Seguran\u00e7a (FDS), Filipe Jacinto Nyusi, dirige hoje, 26 de Maio de 2023, pelas 09:00 horas, na localidade de Matalana, distrito da Marracuene, a <strong>Cerim\u00f4nia de Encerramento do 43\u00ba Curso B\u00e1sico da Pol\u00edcia da Rep\u00fablica de Mo\u00e7ambique (PRM)<\/strong>.<\/p>\n\n\n\n<p>O acto assinala o fim do Curso que decorreu em simult\u00e2neo na <strong>Escola Pr\u00e1tica da Pol\u00edcia de Matalana<\/strong>, e na <strong>Escola de Forma\u00e7\u00e3o de Unidade de Opera\u00e7\u00f5es Especiais e de Reserva de Makandzene<\/strong>, no distrito da <strong>Manhi\u00e7a<\/strong>, ambos na prov\u00edncia de Maputo.<\/p>\n","protected":false},"excerpt":{"rendered":"<p>O Presidente da Rep\u00fablica e Comandante-Chefe das For\u00e7as de Defesa e Seguran\u00e7a (FDS), Filipe Jacinto Nyusi, dirige hoje, 26 de Maio de 2023, pelas 09:00 horas, na localidade de Matalana, distrito da Marracuene, a Cerim\u00f4nia de Encerramento do 43\u00ba Curso B\u00e1sico da Pol\u00edcia da Rep\u00fablica de Mo\u00e7ambique (PRM). O acto assinala o fim do Curso &hellip;<\/p>\n","protected":false},"author":1,"featured_media":3882,"comment_status":"closed","ping_status":"open","sticky":false,"template":"","format":"standard","meta":{"_jetpack_memberships_contains_paid_content":false,"footnotes":""},"categories":[14],"tags":[],"class_list":["post-3886","post","type-post","status-publish","format-standard","has-post-thumbnail","hentry","category-destaques2"],"jetpack_featured_media_url":"https:\/\/www.frelimo.org.mz\/wp-content\/uploads\/2023\/05\/nyusi_prm.jpg","jetpack_sharing_enabled":true,"_links":{"self":[{"href":"https:\/\/www.frelimo.org.mz\/index.php?rest_route=\/wp\/v2\/posts\/3886","targetHints":{"allow":["GET"]}}],"collection":[{"href":"https:\/\/www.frelimo.org.mz\/index.php?rest_route=\/wp\/v2\/posts"}],"about":[{"href":"https:\/\/www.frelimo.org.mz\/index.php?rest_route=\/wp\/v2\/types\/post"}],"author":[{"embeddable":true,"href":"https:\/\/www.frelimo.org.mz\/index.php?rest_route=\/wp\/v2\/users\/1"}],"replies":[{"embeddable":true,"href":"https:\/\/www.frelimo.org.mz\/index.php?rest_route=%2Fwp%2Fv2%2Fcomments&post=3886"}],"version-history":[{"count":0,"href":"https:\/\/www.frelimo.org.mz\/index.php?rest_route=\/wp\/v2\/posts\/3886\/revisions"}],"wp:featuredmedia":[{"embeddable":true,"href":"https:\/\/www.frelimo.org.mz\/index.php?rest_route=\/wp\/v2\/media\/3882"}],"wp:attachment":[{"href":"https:\/\/www.frelimo.org.mz\/index.php?rest_route=%2Fwp%2Fv2%2Fmedia&parent=3886"}],"wp:term":[{"taxonomy":"category","embeddable":true,"href":"https:\/\/www.frelimo.org.mz\/index.php?rest_route=%2Fwp%2Fv2%2Fcategories&post=3886"},{"taxonomy":"post_tag","embeddable":true,"href":"https:\/\/www.frelimo.org.mz\/index.php?rest_route=%2Fwp%2Fv2%2Ftags&post=3886"}],"curies":[{"name":"wp","href":"https:\/\/api.w.org\/{rel}","templated":true}]}}