{"id":3724,"date":"2023-05-24T11:59:16","date_gmt":"2023-05-24T11:59:16","guid":{"rendered":"https:\/\/www.frelimo.org.mz\/?p=3724"},"modified":"2023-05-24T11:59:16","modified_gmt":"2023-05-24T11:59:16","slug":"ninguem-ganhara-quaisquer-guerras-no-mundo-enquanto-houver-perda-de-vidas-humanas-nyusi","status":"publish","type":"post","link":"https:\/\/www.frelimo.org.mz\/?p=3724","title":{"rendered":"NINGU\u00c9M GANHAR\u00c1 QUAISQUER GUERRAS NO MUNDO ENQUANTO HOUVER PERDA DE VIDAS HUMANAS- NYUSI"},"content":{"rendered":"<p>Ningu\u00e9m ganhar\u00e1 quaisquer guerras no mundo enquanto houver perda de vidas humanas como resultado de conflitos armados, independentemente das desculpas que qualquer uma das partes vier a apresentar.<\/p>\n<p>Esta \u00e9 a t\u00f3nica da interven\u00e7\u00e3o do Presidente da Rep\u00fablica, Filipe Nyusi, na sua interven\u00e7\u00e3o ontem na sede das Na\u00e7\u00f5es Unidas, em Nova Iorque, no debate aberto sobre a protec\u00e7\u00e3o de civis em zonas de conflito. Neste contexto, o Chefe do Estado chamou \u00e0 cola\u00e7\u00e3o a tese que Mo\u00e7ambique tem vindo a defender, nomeadamente a indispensabilidade do di\u00e1logo como caminho para superar diferendos, n\u00e3o s\u00f3 inter-Estados, como tamb\u00e9m a n\u00edvel dom\u00e9stico.<\/p>\n<p>Ali\u00e1s, no que a Mo\u00e7ambique diz respeito, Filipe Nyusi citou como exemplo de sucesso do di\u00e1logo os progressos em curso no \u00e2mbito da cria\u00e7\u00e3o de um ambiente de paz duradoura no pa\u00eds que culminar\u00e1 com o encerramento, em Junho, da \u00faltima das 16 antigas bases da Renamo. Nyusi, que foi um dos con-vidados do Presidente da Confedera\u00e7\u00e3o Su\u00ed\u00e7a, Alain Berset, cujo pa\u00eds assume actualmente a presid\u00eancia rotativa do Conselho de Seguran\u00e7a das Na\u00e7\u00f5es Unidas (CSNU), partilhou os caminhos que Mo\u00e7ambique tem vindo a trilhar no contexto da protec\u00e7\u00e3o de civis em Cabo Delgado, que desde Outubro de 2017 \u00e9 assolado pelo terrorismo, com um saldo de milhares de mortos, incluindo crian\u00e7as e mulheres.<\/p>\n","protected":false},"excerpt":{"rendered":"<p>Ningu\u00e9m ganhar\u00e1 quaisquer guerras no mundo enquanto houver perda de vidas humanas como resultado de conflitos armados, independentemente das desculpas que qualquer uma das partes vier a apresentar. Esta \u00e9 a t\u00f3nica da interven\u00e7\u00e3o do Presidente da Rep\u00fablica, Filipe Nyusi, na sua interven\u00e7\u00e3o ontem na sede das Na\u00e7\u00f5es Unidas, em Nova Iorque, no debate aberto &hellip;<\/p>\n","protected":false},"author":1,"featured_media":3745,"comment_status":"closed","ping_status":"open","sticky":false,"template":"","format":"standard","meta":{"_jetpack_memberships_contains_paid_content":false,"footnotes":""},"categories":[5],"tags":[8],"class_list":["post-3724","post","type-post","status-publish","format-standard","has-post-thumbnail","hentry","category-noticias","tag-featured"],"jetpack_featured_media_url":"https:\/\/www.frelimo.org.mz\/wp-content\/uploads\/2023\/05\/nyusi_perdas_humanos.jpg","jetpack_sharing_enabled":true,"_links":{"self":[{"href":"https:\/\/www.frelimo.org.mz\/index.php?rest_route=\/wp\/v2\/posts\/3724","targetHints":{"allow":["GET"]}}],"collection":[{"href":"https:\/\/www.frelimo.org.mz\/index.php?rest_route=\/wp\/v2\/posts"}],"about":[{"href":"https:\/\/www.frelimo.org.mz\/index.php?rest_route=\/wp\/v2\/types\/post"}],"author":[{"embeddable":true,"href":"https:\/\/www.frelimo.org.mz\/index.php?rest_route=\/wp\/v2\/users\/1"}],"replies":[{"embeddable":true,"href":"https:\/\/www.frelimo.org.mz\/index.php?rest_route=%2Fwp%2Fv2%2Fcomments&post=3724"}],"version-history":[{"count":0,"href":"https:\/\/www.frelimo.org.mz\/index.php?rest_route=\/wp\/v2\/posts\/3724\/revisions"}],"wp:featuredmedia":[{"embeddable":true,"href":"https:\/\/www.frelimo.org.mz\/index.php?rest_route=\/wp\/v2\/media\/3745"}],"wp:attachment":[{"href":"https:\/\/www.frelimo.org.mz\/index.php?rest_route=%2Fwp%2Fv2%2Fmedia&parent=3724"}],"wp:term":[{"taxonomy":"category","embeddable":true,"href":"https:\/\/www.frelimo.org.mz\/index.php?rest_route=%2Fwp%2Fv2%2Fcategories&post=3724"},{"taxonomy":"post_tag","embeddable":true,"href":"https:\/\/www.frelimo.org.mz\/index.php?rest_route=%2Fwp%2Fv2%2Ftags&post=3724"}],"curies":[{"name":"wp","href":"https:\/\/api.w.org\/{rel}","templated":true}]}}