{"id":3721,"date":"2023-05-18T10:12:50","date_gmt":"2023-05-18T10:12:50","guid":{"rendered":"https:\/\/www.frelimo.org.mz\/?p=3721"},"modified":"2023-05-18T10:12:50","modified_gmt":"2023-05-18T10:12:50","slug":"sg-da-frelimo-escala-casa-de-mariano-matsinhe-veterano-da-luta-de-libertacao-nacional","status":"publish","type":"post","link":"https:\/\/www.frelimo.org.mz\/?p=3721","title":{"rendered":"SG DA FRELIMO ESCALA CASA DE MARIANO MATSINHE,  VETERANO DA LUTA DE LIBERTA\u00c7\u00c3O NACIONAL"},"content":{"rendered":"<p>EM VISITA DE CORTESIA<\/p>\n<p>No dia em que a Pol\u00edcia da Rep\u00fablica de Mo\u00e7ambique celebrou 48 anos da sua cria\u00e7\u00e3o, o Secret\u00e1rio-geral da FRELIMO, Roque Silva, homenageou o camarada Mariano Matsinha, em visita de cortesia realizada na sua resid\u00eancia.<\/p>\n<p><!--more--><\/p>\n<p>&nbsp;<\/p>\n<p>A visita do SG que se fazia acompanhar dos membros do Secretariado do Comit\u00ea Central, resulta n\u00e3o somente do reconhecimento do significado hist\u00f3rico do veterano da luta de liberta\u00e7\u00e3o Nacional, como tamb\u00e9m do seu contributo por ele dado no processo de constru\u00e7\u00e3o e consolida\u00e7\u00e3o do Estado e da Na\u00e7\u00e3o mo\u00e7ambicana.<\/p>\n<p>Mariano Matsinhe destacou se na forma\u00e7\u00e3o da Policia Popular de Mo\u00e7ambique (PPM), hoje Pol\u00edcia da Rep\u00fablica de Mo\u00e7ambique (PRM), que ontem 17 de Maio, completou 48 anos da sua exist\u00eancia.<\/p>\n<p>Na breve conversa tida com o Veterano, Roque Silva destacou o facto de a Frelimo nunca se esquecer daqueles que deram a sua juventude na luta pela liberta\u00e7\u00e3o do pa\u00eds do jugo colonial, na constru\u00e7\u00e3o do Estado Mo\u00e7ambicano bem como na afirma\u00e7\u00e3o da Frelimo como um grande e forte Partido no pa\u00eds, na regi\u00e3o e no mundo.<\/p>\n<p>Por seu turno, Mariano Matsinha, manifestou a sua satisfa\u00e7\u00e3o pelo gesto do Secret\u00e1rio Geral e dos membros do Secretariado, o que segundo suas palavras faz com que se sinta bastante valorizado e rejuvenescido.<br \/>Terminou desejando sucessos ao Secretariado na \u00e1rdua tarefa de dirigir os destinos da nossa sexagen\u00e1ria Frelimo manifestando a sua disponibilidade em contribuir no que for necess\u00e1rio \u00e9 poss\u00edvel.<\/p>\n","protected":false},"excerpt":{"rendered":"<p>EM VISITA DE CORTESIA No dia em que a Pol\u00edcia da Rep\u00fablica de Mo\u00e7ambique celebrou 48 anos da sua cria\u00e7\u00e3o, o Secret\u00e1rio-geral da FRELIMO, Roque Silva, homenageou o camarada Mariano Matsinha, em visita de cortesia realizada na sua resid\u00eancia. &nbsp; A visita do SG que se fazia acompanhar dos membros do Secretariado do Comit\u00ea Central, &hellip;<\/p>\n","protected":false},"author":1,"featured_media":0,"comment_status":"open","ping_status":"open","sticky":false,"template":"","format":"standard","meta":{"_jetpack_memberships_contains_paid_content":false,"footnotes":""},"categories":[4],"tags":[],"class_list":["post-3721","post","type-post","status-publish","format-standard","hentry","category-outras"],"jetpack_featured_media_url":"","jetpack_sharing_enabled":true,"_links":{"self":[{"href":"https:\/\/www.frelimo.org.mz\/index.php?rest_route=\/wp\/v2\/posts\/3721","targetHints":{"allow":["GET"]}}],"collection":[{"href":"https:\/\/www.frelimo.org.mz\/index.php?rest_route=\/wp\/v2\/posts"}],"about":[{"href":"https:\/\/www.frelimo.org.mz\/index.php?rest_route=\/wp\/v2\/types\/post"}],"author":[{"embeddable":true,"href":"https:\/\/www.frelimo.org.mz\/index.php?rest_route=\/wp\/v2\/users\/1"}],"replies":[{"embeddable":true,"href":"https:\/\/www.frelimo.org.mz\/index.php?rest_route=%2Fwp%2Fv2%2Fcomments&post=3721"}],"version-history":[{"count":0,"href":"https:\/\/www.frelimo.org.mz\/index.php?rest_route=\/wp\/v2\/posts\/3721\/revisions"}],"wp:attachment":[{"href":"https:\/\/www.frelimo.org.mz\/index.php?rest_route=%2Fwp%2Fv2%2Fmedia&parent=3721"}],"wp:term":[{"taxonomy":"category","embeddable":true,"href":"https:\/\/www.frelimo.org.mz\/index.php?rest_route=%2Fwp%2Fv2%2Fcategories&post=3721"},{"taxonomy":"post_tag","embeddable":true,"href":"https:\/\/www.frelimo.org.mz\/index.php?rest_route=%2Fwp%2Fv2%2Ftags&post=3721"}],"curies":[{"name":"wp","href":"https:\/\/api.w.org\/{rel}","templated":true}]}}