{"id":3713,"date":"2023-05-08T17:10:00","date_gmt":"2023-05-08T17:10:00","guid":{"rendered":"https:\/\/www.frelimo.org.mz\/?p=3713"},"modified":"2023-05-08T17:10:00","modified_gmt":"2023-05-08T17:10:00","slug":"pr-augura-reforco-das-relacoes-entre-mocambique-reino-unido-e-os-paises-membros-da-commonwealth","status":"publish","type":"post","link":"https:\/\/www.frelimo.org.mz\/?p=3713","title":{"rendered":"PR augura refor\u00e7o das rela\u00e7\u00f5es entre Mo\u00e7ambique, Reino Unido e os pa\u00edses membros da Commonwealth"},"content":{"rendered":"<p>Reino Unido, 05 de Maio de 2023 &#8211; O Presidente da Rep\u00fablica, Filipe Jacinto Nyusi, terminou, este s\u00e1bado, 6 de Maio, a visita de trabalha ao Reino Unido.<br \/>O Chefe do Estado e Esposa assistiram \u00e0 cerim\u00f3nia de coroa\u00e7\u00e3o do Rei Charles -III, tornando-se no quadrag\u00e9simo monarca brit\u00e2nico a receber a coroa na Abadia de Westminster, sede da Igreja Anglicana.<\/p>\n<p><!--more--><\/p>\n<p>O estadista mo\u00e7ambicano fez parte de um n\u00famero restrito de individualidade estrangeiras, brit\u00e2nicas e da Sociedade Civil do Reino Unido que marcou presen\u00e7a na cerim\u00f3nia solene de investidura do rei, acto que n\u00e3o acontecia no Reino Unido h\u00e1 70 anos.<br \/>O Presidente da Rep\u00fablica enalteceu, no balan\u00e7o da visita ao Reino Unido, a mobiliza\u00e7\u00e3o e aflu\u00eancia dos brit\u00e2nicos nas ruas, pra\u00e7as e jardins de Londres para acompanharem a cerim\u00f3nia de coroa\u00e7\u00e3o do novo Rei.<br \/>Segundo o Presidente Nyusi, tal representa a unidade e a valoriza\u00e7\u00e3o da cultura e identidades do povo.<br \/>O estadista mo\u00e7ambicano augura o refor\u00e7o das rela\u00e7\u00f5es diplom\u00e1ticas entre Mo\u00e7ambique, Reino Unido e os pa\u00edses membros da Commonmwealt.<br \/>Na reuni\u00e3o dos l\u00edderes da Commonwealt, realizada sexta-feira, em Londres, a margem da cerim\u00f3nia de coroa\u00e7\u00e3o do Rei Charles-III, o Presidente da Rep\u00fablica resumiu a pol\u00edtica de promo\u00e7\u00e3o do emprego para jovens, implementado pelo executivo mo\u00e7ambicano.<br \/>A Commonwealth congrega 56 pa\u00edses, maioritariamente antigas col\u00f3nias brit\u00e2nicas e estados que, estrategicamente, aderiram \u00e0 organiza\u00e7\u00e3o.<br \/>A reuni\u00e3o dos l\u00edderes da Commonwealth abordou quest\u00f5es atinente \u00e0 juventude e a Paz.<br \/>No seu conjunto, os pa\u00edses membros da Commonwealth t\u00eam uma popula\u00e7\u00e3o estimada em 2.5 milh\u00f5es de habitantes, maioritariamente jovens. Partilham, por conseguinte, problemas demogr\u00e1ficos comuns, como por exemplo desemprego, limitado acesso \u00e0 forma\u00e7\u00e3o superior, habita\u00e7\u00e3o, entre outros.<\/p>\n<p>O Chefe do Estado, reiterou que uma das solu\u00e7\u00f5es que tem sido eficaz no contexto mo\u00e7ambicano \u00e9 o auto-emprego e mobiliza\u00e7\u00e3o de novos investimento tendo como prioridade a cria\u00e7\u00e3o de novos postos de trabalho.<\/p>\n","protected":false},"excerpt":{"rendered":"<p>Reino Unido, 05 de Maio de 2023 &#8211; O Presidente da Rep\u00fablica, Filipe Jacinto Nyusi, terminou, este s\u00e1bado, 6 de Maio, a visita de trabalha ao Reino Unido.O Chefe do Estado e Esposa assistiram \u00e0 cerim\u00f3nia de coroa\u00e7\u00e3o do Rei Charles -III, tornando-se no quadrag\u00e9simo monarca brit\u00e2nico a receber a coroa na Abadia de Westminster, &hellip;<\/p>\n","protected":false},"author":1,"featured_media":0,"comment_status":"open","ping_status":"open","sticky":false,"template":"","format":"standard","meta":{"_jetpack_memberships_contains_paid_content":false,"footnotes":""},"categories":[4],"tags":[],"class_list":["post-3713","post","type-post","status-publish","format-standard","hentry","category-outras"],"jetpack_featured_media_url":"","jetpack_sharing_enabled":true,"_links":{"self":[{"href":"https:\/\/www.frelimo.org.mz\/index.php?rest_route=\/wp\/v2\/posts\/3713","targetHints":{"allow":["GET"]}}],"collection":[{"href":"https:\/\/www.frelimo.org.mz\/index.php?rest_route=\/wp\/v2\/posts"}],"about":[{"href":"https:\/\/www.frelimo.org.mz\/index.php?rest_route=\/wp\/v2\/types\/post"}],"author":[{"embeddable":true,"href":"https:\/\/www.frelimo.org.mz\/index.php?rest_route=\/wp\/v2\/users\/1"}],"replies":[{"embeddable":true,"href":"https:\/\/www.frelimo.org.mz\/index.php?rest_route=%2Fwp%2Fv2%2Fcomments&post=3713"}],"version-history":[{"count":0,"href":"https:\/\/www.frelimo.org.mz\/index.php?rest_route=\/wp\/v2\/posts\/3713\/revisions"}],"wp:attachment":[{"href":"https:\/\/www.frelimo.org.mz\/index.php?rest_route=%2Fwp%2Fv2%2Fmedia&parent=3713"}],"wp:term":[{"taxonomy":"category","embeddable":true,"href":"https:\/\/www.frelimo.org.mz\/index.php?rest_route=%2Fwp%2Fv2%2Fcategories&post=3713"},{"taxonomy":"post_tag","embeddable":true,"href":"https:\/\/www.frelimo.org.mz\/index.php?rest_route=%2Fwp%2Fv2%2Ftags&post=3713"}],"curies":[{"name":"wp","href":"https:\/\/api.w.org\/{rel}","templated":true}]}}