{"id":3709,"date":"2023-05-07T10:33:16","date_gmt":"2023-05-07T10:33:16","guid":{"rendered":"https:\/\/www.frelimo.org.mz\/?p=3709"},"modified":"2023-05-07T10:33:16","modified_gmt":"2023-05-07T10:33:16","slug":"sg-da-frelimo-partilha-ideias-sobre-os-problemas-dos-jovens","status":"publish","type":"post","link":"https:\/\/www.frelimo.org.mz\/?p=3709","title":{"rendered":"SG DA FRELIMO PARTILHA IDEIAS SOBRE OS PROBLEMAS DOS JOVENS"},"content":{"rendered":"<p>EM GAZA<\/p>\n<p>O Secret\u00e1rio-geral da Frelimo, Roque Silva, manteve hoje (5) um encontro com jovens de v\u00e1rios extratos sociais da prov\u00edncia de Gaza, para buscar sensibilidades e propostas de solu\u00e7\u00f5es para as principais preocupa\u00e7\u00f5es que<\/p>\n<p><!--more--><\/p>\n<p>afectam a juventude nesta parcela do pa\u00eds, e no pa\u00eds em geral no \u00e2mbito da visita que efectua \u00e0 quela prov\u00edncia.<\/p>\n<p>Falando para os mais de mil jovens participantes, de um encontro por si orientado na tarde de hoje no Distrito de Chongoene, Roque Silva disse ser importante envolver a juventude no debate de caminhos que nos levem a encontrar solu\u00e7\u00f5es para os problemas que afectam a esta camada social e ao pa\u00eds em geral, tendo sempre presente o facto de estar depositado nela a garantia do futuro da na\u00e7\u00e3o mo\u00e7ambicana.<\/p>\n<p>Para Roque Silva, neste exerc\u00edcio de intera\u00e7\u00e3o, \u00e9 importante o envolvimento de jovens de todos extratos sociais independentemente de pertencerem ou n\u00e3o a OJM tendo apelado \u00e0 esta que \u00e8 a mais antiga organiza\u00e7\u00e3o juvenil mo\u00e7ambicana a actuar sempre virada n\u00e3o somente para dentro de si mesma.<\/p>\n<p>Na ocasi\u00e3o, os jovens de Gaza falaram da necessidade do incremento de incentivos para estimular a inova\u00e7\u00e3o e empreendedorismo e a propondo ainda solu\u00e7\u00f5es para fazer face aos desafios prevalecentes, mormente relacionados com dificuldades de acesso ao emprego e a habita\u00e7\u00e3o condigna.<\/p>\n<p>Reconheceram a exist\u00eancia de iniciativas que concorrerem para o empreendedorismo, tendo apontado a distribui\u00e7\u00e3o de Kits de auto-emprego a alguns jovens como exemplo, tendo apelado para mais esfor\u00e7os de modo a abranger maior n\u00famero poss\u00edvel.<\/p>\n<p>Num outro desenvolvimento , o SG falou da necessidade de, tal como no passado, a juventude perceber que h\u00e1 uma permanente necessidade de estes se engajarem na defesa das conquistas que o pa\u00eds j\u00e1 alcan\u00e7ou com muito sacrif\u00edcio tais como aa independ\u00eancia e a soberania nacionais.<\/p>\n","protected":false},"excerpt":{"rendered":"<p>EM GAZA O Secret\u00e1rio-geral da Frelimo, Roque Silva, manteve hoje (5) um encontro com jovens de v\u00e1rios extratos sociais da prov\u00edncia de Gaza, para buscar sensibilidades e propostas de solu\u00e7\u00f5es para as principais preocupa\u00e7\u00f5es que afectam a juventude nesta parcela do pa\u00eds, e no pa\u00eds em geral no \u00e2mbito da visita que efectua \u00e0 quela &hellip;<\/p>\n","protected":false},"author":1,"featured_media":0,"comment_status":"open","ping_status":"open","sticky":false,"template":"","format":"standard","meta":{"_jetpack_memberships_contains_paid_content":false,"footnotes":""},"categories":[4],"tags":[],"class_list":["post-3709","post","type-post","status-publish","format-standard","hentry","category-outras"],"jetpack_featured_media_url":"","jetpack_sharing_enabled":true,"_links":{"self":[{"href":"https:\/\/www.frelimo.org.mz\/index.php?rest_route=\/wp\/v2\/posts\/3709","targetHints":{"allow":["GET"]}}],"collection":[{"href":"https:\/\/www.frelimo.org.mz\/index.php?rest_route=\/wp\/v2\/posts"}],"about":[{"href":"https:\/\/www.frelimo.org.mz\/index.php?rest_route=\/wp\/v2\/types\/post"}],"author":[{"embeddable":true,"href":"https:\/\/www.frelimo.org.mz\/index.php?rest_route=\/wp\/v2\/users\/1"}],"replies":[{"embeddable":true,"href":"https:\/\/www.frelimo.org.mz\/index.php?rest_route=%2Fwp%2Fv2%2Fcomments&post=3709"}],"version-history":[{"count":0,"href":"https:\/\/www.frelimo.org.mz\/index.php?rest_route=\/wp\/v2\/posts\/3709\/revisions"}],"wp:attachment":[{"href":"https:\/\/www.frelimo.org.mz\/index.php?rest_route=%2Fwp%2Fv2%2Fmedia&parent=3709"}],"wp:term":[{"taxonomy":"category","embeddable":true,"href":"https:\/\/www.frelimo.org.mz\/index.php?rest_route=%2Fwp%2Fv2%2Fcategories&post=3709"},{"taxonomy":"post_tag","embeddable":true,"href":"https:\/\/www.frelimo.org.mz\/index.php?rest_route=%2Fwp%2Fv2%2Ftags&post=3709"}],"curies":[{"name":"wp","href":"https:\/\/api.w.org\/{rel}","templated":true}]}}